{"id":662,"date":"2015-12-22T11:28:57","date_gmt":"2015-12-22T11:28:57","guid":{"rendered":"http:\/\/sindiquimicabr.com.br\/wp\/?p=662"},"modified":"2016-01-06T12:53:39","modified_gmt":"2016-01-06T12:53:39","slug":"energia-pode-ficar-mais-barata-no-ano-que-vem-diz-light","status":"publish","type":"post","link":"http:\/\/sindiquimicabr.com.br\/index.php\/2015\/12\/22\/energia-pode-ficar-mais-barata-no-ano-que-vem-diz-light\/","title":{"rendered":"Energia pode ficar mais barata no ano que vem, diz Light"},"content":{"rendered":"<h4 class=\"headline\">Com um cen\u00e1rio hidrol\u00f3gico mais favor\u00e1vel, o valor na conta de luz se refletiria de forma mais branda para o consumidor final<\/h4>\n<p><a href=\"http:\/\/sindiquimicabr.com.br\/wp\/wp-content\/uploads\/2015\/12\/naom_560496f3091ae.jpg\" rel=\"attachment wp-att-663\"><img decoding=\"async\" loading=\"lazy\" class=\"alignnone size-full wp-image-663\" src=\"http:\/\/sindiquimicabr.com.br\/wp\/wp-content\/uploads\/2015\/12\/naom_560496f3091ae.jpg\" alt=\"naom_560496f3091ae\" width=\"1370\" height=\"587\" srcset=\"http:\/\/sindiquimicabr.com.br\/wp\/wp-content\/uploads\/2015\/12\/naom_560496f3091ae.jpg 1370w, http:\/\/sindiquimicabr.com.br\/wp\/wp-content\/uploads\/2015\/12\/naom_560496f3091ae-300x129.jpg 300w, http:\/\/sindiquimicabr.com.br\/wp\/wp-content\/uploads\/2015\/12\/naom_560496f3091ae-768x329.jpg 768w, http:\/\/sindiquimicabr.com.br\/wp\/wp-content\/uploads\/2015\/12\/naom_560496f3091ae-1024x439.jpg 1024w\" sizes=\"(max-width: 1370px) 100vw, 1370px\" \/><\/a><\/p>\n<p><span class=\"mainText\">O ciclo de forte aumento no pre\u00e7o da energia el\u00e9trica verificado este ano pode diminuir em 2016. Com um cen\u00e1rio hidrol\u00f3gico mais favor\u00e1vel, o valor na conta de luz se refletiria de forma mais branda para o consumidor final. A avalia\u00e7\u00e3o \u00e9 da presidenta da Light, empresa distribuidora de energia el\u00e9trica no estado do Rio, Ana Marta Horta Veloso.<\/span><\/p>\n<p>\u201cA conta de energia, quem define \u00e9 a Aneel [Ag\u00eancia Nacional de Energia El\u00e9trica]. Tivemos aumento na conta ao longo de 2015 por causa do custo que a Light teve para comprar energia e fornecer aos consumidores. Esperamos, no ano que vem, ter uma energia mais em conta para comprar. E acontecendo isso, certamente a ag\u00eancia reguladora vai repassar para a tarifa dos consumidores. Tudo indica que o cen\u00e1rio da pior hidrologia j\u00e1 passou\u201d, disse Ana Marta, rec\u00e9m empossada no cargo.<\/p>\n<p>A empresa apresentou hoje (21) o Plano Ver\u00e3o 2016, que vai desenvolver a\u00e7\u00f5es de preven\u00e7\u00e3o e emerg\u00eancia para minimizar os efeitos de temporais, comuns nesta \u00e9poca do ano. A Light \u00e9 respons\u00e1vel pelo fornecimento de energia a 12 milh\u00f5es de habitantes, em 31 munic\u00edpios fluminenses, incluindo a capital.<\/p>\n<p>Outra meta \u00e9 combater o furto de energia na rede, os chamados gatos de luz, que s\u00f3 no mercado de baixa tens\u00e3o correspondem a 39,63% do total, o equivalente ao consumo, na mesma classe, ao do estado do Esp\u00edrito Santo. Por causa dos gatos, a conta do consumidor final aumenta em 17%, disse o superintendente de distribui\u00e7\u00e3o da Light, Dalmer Alves.<\/p>\n<p>Segundo o superiontendente, de dezembro de 2014 a dezembro deste ano, a conta de luz na \u00e1rea coberta pela Light subiu 80%. A infla\u00e7\u00e3o m\u00e9dia no per\u00edodo foi superior a 10%. Entre os fatores que pressionaram o aumento na energia el\u00e9trica est\u00e3o a alta do d\u00f3lar, que impacta o pre\u00e7o cobrado pela usina de Itaipu, e o uso de usinas termel\u00e9tricas, a g\u00e1s ou \u00f3leo diesel, mais caras que as hidrel\u00e9tricas, mas necess\u00e1rias por causa da falta de chuva nos reservat\u00f3rios. Com informa\u00e7\u00f5es da Ag\u00eancia Brasil.<\/p>\n<p>&nbsp;<\/p>\n<p>Fonte:<a href=\"http:\/\/www.noticiasaominuto.com.br\/economia\/169854\/energia-pode-ficar-mais-barata-no-ano-que-vem-diz-light\" target=\"_blank\"> Not\u00edcias ao Minuto<\/a><\/p>\n","protected":false},"excerpt":{"rendered":"<p>Com um cen\u00e1rio hidrol\u00f3gico mais favor\u00e1vel, o valor na conta de luz se refletiria de forma mais branda para o consumidor final O ciclo de forte aumento no pre\u00e7o da energia el\u00e9trica verificado este ano pode diminuir em 2016. Com um cen\u00e1rio hidrol\u00f3gico mais favor\u00e1vel, o valor na conta de luz se refletiria de forma<a class=\"moretag\" href=\"http:\/\/sindiquimicabr.com.br\/index.php\/2015\/12\/22\/energia-pode-ficar-mais-barata-no-ano-que-vem-diz-light\/\"> [&#8230;]<\/a><\/p>\n","protected":false},"author":2,"featured_media":663,"comment_status":"open","ping_status":"open","sticky":false,"template":"","format":"standard","meta":[],"categories":[10],"tags":[],"_links":{"self":[{"href":"http:\/\/sindiquimicabr.com.br\/index.php\/wp-json\/wp\/v2\/posts\/662"}],"collection":[{"href":"http:\/\/sindiquimicabr.com.br\/index.php\/wp-json\/wp\/v2\/posts"}],"about":[{"href":"http:\/\/sindiquimicabr.com.br\/index.php\/wp-json\/wp\/v2\/types\/post"}],"author":[{"embeddable":true,"href":"http:\/\/sindiquimicabr.com.br\/index.php\/wp-json\/wp\/v2\/users\/2"}],"replies":[{"embeddable":true,"href":"http:\/\/sindiquimicabr.com.br\/index.php\/wp-json\/wp\/v2\/comments?post=662"}],"version-history":[{"count":1,"href":"http:\/\/sindiquimicabr.com.br\/index.php\/wp-json\/wp\/v2\/posts\/662\/revisions"}],"predecessor-version":[{"id":664,"href":"http:\/\/sindiquimicabr.com.br\/index.php\/wp-json\/wp\/v2\/posts\/662\/revisions\/664"}],"wp:featuredmedia":[{"embeddable":true,"href":"http:\/\/sindiquimicabr.com.br\/index.php\/wp-json\/wp\/v2\/media\/663"}],"wp:attachment":[{"href":"http:\/\/sindiquimicabr.com.br\/index.php\/wp-json\/wp\/v2\/media?parent=662"}],"wp:term":[{"taxonomy":"category","embeddable":true,"href":"http:\/\/sindiquimicabr.com.br\/index.php\/wp-json\/wp\/v2\/categories?post=662"},{"taxonomy":"post_tag","embeddable":true,"href":"http:\/\/sindiquimicabr.com.br\/index.php\/wp-json\/wp\/v2\/tags?post=662"}],"curies":[{"name":"wp","href":"https:\/\/api.w.org\/{rel}","templated":true}]}}