{"id":6623,"date":"2020-11-03T11:28:42","date_gmt":"2020-11-03T11:28:42","guid":{"rendered":"http:\/\/sindiquimicabr.com.br\/?p=6623"},"modified":"2020-11-03T11:28:44","modified_gmt":"2020-11-03T11:28:44","slug":"sessao-do-senado-vai-debater-autonomia-do-bc","status":"publish","type":"post","link":"http:\/\/sindiquimicabr.com.br\/index.php\/2020\/11\/03\/sessao-do-senado-vai-debater-autonomia-do-bc\/","title":{"rendered":"Sess\u00e3o do Senado vai debater autonomia do BC"},"content":{"rendered":"<h4 class=\"news-subheadline\" style=\"text-align: justify;\">Pelo texto, o BC deixaria de ser vinculado ao Minist\u00e9rio da Economia e passaria a ser uma autarquia especial, sem qualquer liga\u00e7\u00e3o direta com outra \u00e1rea do governo<\/h4>\n<p style=\"text-align: justify;\"><a href=\"http:\/\/sindiquimicabr.com.br\/wp\/wp-content\/uploads\/2020\/11\/Sess\u00e3o-do-Senado-vai-debater-autonomia-do-BC.jpg\"><img decoding=\"async\" loading=\"lazy\" class=\"alignleft size-full wp-image-6624\" src=\"http:\/\/sindiquimicabr.com.br\/wp\/wp-content\/uploads\/2020\/11\/Sess\u00e3o-do-Senado-vai-debater-autonomia-do-BC.jpg\" alt=\"\" width=\"1920\" height=\"1080\" srcset=\"http:\/\/sindiquimicabr.com.br\/wp\/wp-content\/uploads\/2020\/11\/Sess\u00e3o-do-Senado-vai-debater-autonomia-do-BC.jpg 1920w, http:\/\/sindiquimicabr.com.br\/wp\/wp-content\/uploads\/2020\/11\/Sess\u00e3o-do-Senado-vai-debater-autonomia-do-BC-300x169.jpg 300w, http:\/\/sindiquimicabr.com.br\/wp\/wp-content\/uploads\/2020\/11\/Sess\u00e3o-do-Senado-vai-debater-autonomia-do-BC-1024x576.jpg 1024w, http:\/\/sindiquimicabr.com.br\/wp\/wp-content\/uploads\/2020\/11\/Sess\u00e3o-do-Senado-vai-debater-autonomia-do-BC-768x432.jpg 768w, http:\/\/sindiquimicabr.com.br\/wp\/wp-content\/uploads\/2020\/11\/Sess\u00e3o-do-Senado-vai-debater-autonomia-do-BC-1536x864.jpg 1536w\" sizes=\"(max-width: 1920px) 100vw, 1920px\" \/><\/a><\/p>\n<p style=\"text-align: justify;\"><span class=\"news_capital_letter\">U<\/span>ma das promessas do presidente Jair Bolsonaro durante a sua campanha, o projeto que d\u00e1 autonomia ao Banco Central, est\u00e1 na pauta do Senado Federal. O presidente do Senado, Davi Alcolumbre (DEM-AP), convocou sess\u00e3o deliberativa remota para esta ter\u00e7a-feira, 3, \u00e0s 16h, para debater tr\u00eas projetos, entre eles o que estabelece autonomia formal para os diretores do BC, um assunto que \u00e9 discutido h\u00e1 tr\u00eas d\u00e9cadas, sem avan\u00e7os.<\/p>\n<p style=\"text-align: justify;\">Na pauta, est\u00e1 prevista a aprecia\u00e7\u00e3o do projeto de lei complementar do senador Pl\u00ednio Val\u00e9rio (PSDB-AM), que buscar\u00e1 definir requisitos para nomea\u00e7\u00e3o e demiss\u00e3o do presidente e dos diretores da institui\u00e7\u00e3o e tamb\u00e9m definir os pontos que vedariam candidatos aos cargos. O PLP foi inclu\u00eddo em ordem do dia no in\u00edcio de mar\u00e7o. O consenso \u00e9 de que o BC j\u00e1 atua hoje com autonomia para definir a pol\u00edtica monet\u00e1ria, mas o PLP oficializaria essa situa\u00e7\u00e3o.<\/p>\n<p style=\"text-align: justify;\">Pelo texto, o BC deixaria de ser vinculado ao Minist\u00e9rio da Economia e passaria a ser uma autarquia especial, sem qualquer liga\u00e7\u00e3o direta com outra \u00e1rea do governo. O projeto define que os mandatos dos diretores sejam de quatro anos, com uma recondu\u00e7\u00e3o permitida.<\/p>\n<p style=\"text-align: justify;\">As informa\u00e7\u00f5es s\u00e3o do jornal <strong>O Estado de S. Paulo.<\/strong><\/p>\n<p style=\"text-align: justify;\">Fonte: <a href=\"https:\/\/www.noticiasaominuto.com.br\/economia\/1733652\/sessao-do-senado-vai-debater-autonomia-do-bc\" target=\"_blank\" rel=\"noopener noreferrer\">Not\u00edcias ao Minuto<\/a><\/p>\n","protected":false},"excerpt":{"rendered":"<p>Pelo texto, o BC deixaria de ser vinculado ao Minist\u00e9rio da Economia e passaria a ser uma autarquia especial, sem qualquer liga\u00e7\u00e3o direta com outra \u00e1rea do governo Uma das promessas do presidente Jair Bolsonaro durante a sua campanha, o projeto que d\u00e1 autonomia ao Banco Central, est\u00e1 na pauta do Senado Federal. O presidente<a class=\"moretag\" href=\"http:\/\/sindiquimicabr.com.br\/index.php\/2020\/11\/03\/sessao-do-senado-vai-debater-autonomia-do-bc\/\"> [&#8230;]<\/a><\/p>\n","protected":false},"author":2,"featured_media":6624,"comment_status":"closed","ping_status":"closed","sticky":false,"template":"","format":"standard","meta":[],"categories":[2],"tags":[],"_links":{"self":[{"href":"http:\/\/sindiquimicabr.com.br\/index.php\/wp-json\/wp\/v2\/posts\/6623"}],"collection":[{"href":"http:\/\/sindiquimicabr.com.br\/index.php\/wp-json\/wp\/v2\/posts"}],"about":[{"href":"http:\/\/sindiquimicabr.com.br\/index.php\/wp-json\/wp\/v2\/types\/post"}],"author":[{"embeddable":true,"href":"http:\/\/sindiquimicabr.com.br\/index.php\/wp-json\/wp\/v2\/users\/2"}],"replies":[{"embeddable":true,"href":"http:\/\/sindiquimicabr.com.br\/index.php\/wp-json\/wp\/v2\/comments?post=6623"}],"version-history":[{"count":1,"href":"http:\/\/sindiquimicabr.com.br\/index.php\/wp-json\/wp\/v2\/posts\/6623\/revisions"}],"predecessor-version":[{"id":6625,"href":"http:\/\/sindiquimicabr.com.br\/index.php\/wp-json\/wp\/v2\/posts\/6623\/revisions\/6625"}],"wp:featuredmedia":[{"embeddable":true,"href":"http:\/\/sindiquimicabr.com.br\/index.php\/wp-json\/wp\/v2\/media\/6624"}],"wp:attachment":[{"href":"http:\/\/sindiquimicabr.com.br\/index.php\/wp-json\/wp\/v2\/media?parent=6623"}],"wp:term":[{"taxonomy":"category","embeddable":true,"href":"http:\/\/sindiquimicabr.com.br\/index.php\/wp-json\/wp\/v2\/categories?post=6623"},{"taxonomy":"post_tag","embeddable":true,"href":"http:\/\/sindiquimicabr.com.br\/index.php\/wp-json\/wp\/v2\/tags?post=6623"}],"curies":[{"name":"wp","href":"https:\/\/api.w.org\/{rel}","templated":true}]}}