{"id":6626,"date":"2020-11-03T11:31:10","date_gmt":"2020-11-03T11:31:10","guid":{"rendered":"http:\/\/sindiquimicabr.com.br\/?p=6626"},"modified":"2020-11-03T11:32:46","modified_gmt":"2020-11-03T11:32:46","slug":"camara-realiza-sessao-de-votacoes-hoje","status":"publish","type":"post","link":"http:\/\/sindiquimicabr.com.br\/index.php\/2020\/11\/03\/camara-realiza-sessao-de-votacoes-hoje\/","title":{"rendered":"C\u00e2mara realiza sess\u00e3o de vota\u00e7\u00f5es hoje"},"content":{"rendered":"<h4 style=\"text-align: justify;\">Entre os itens em pauta est\u00e3o a MP que facilita empr\u00e9stimos para empresas e o projeto de incentivo \u00e0 navega\u00e7\u00e3o. Nas \u00faltimas semanas, obstru\u00e7\u00e3o da oposi\u00e7\u00e3o e da base do governo tem adiado as vota\u00e7\u00f5es<\/h4>\n<p style=\"text-align: justify;\"><a href=\"http:\/\/sindiquimicabr.com.br\/wp\/wp-content\/uploads\/2020\/11\/C\u00e2mara-realiza-sess\u00e3o-de-vota\u00e7\u00f5es-hoje.jpg\"><img decoding=\"async\" loading=\"lazy\" class=\"alignnone wp-image-6627 size-full\" src=\"http:\/\/sindiquimicabr.com.br\/wp\/wp-content\/uploads\/2020\/11\/C\u00e2mara-realiza-sess\u00e3o-de-vota\u00e7\u00f5es-hoje.jpg\" alt=\"\" width=\"768\" height=\"512\" srcset=\"http:\/\/sindiquimicabr.com.br\/wp\/wp-content\/uploads\/2020\/11\/C\u00e2mara-realiza-sess\u00e3o-de-vota\u00e7\u00f5es-hoje.jpg 768w, http:\/\/sindiquimicabr.com.br\/wp\/wp-content\/uploads\/2020\/11\/C\u00e2mara-realiza-sess\u00e3o-de-vota\u00e7\u00f5es-hoje-300x200.jpg 300w, http:\/\/sindiquimicabr.com.br\/wp\/wp-content\/uploads\/2020\/11\/C\u00e2mara-realiza-sess\u00e3o-de-vota\u00e7\u00f5es-hoje-272x182.jpg 272w\" sizes=\"(max-width: 768px) 100vw, 768px\" \/><\/a><\/p>\n<p style=\"text-align: justify;\">A C\u00e2mara dos Deputados realiza sess\u00e3o de vota\u00e7\u00f5es hoje, a partir das 13h55, com diversos itens em pauta. Entre as medidas provis\u00f3rias, poder\u00e1 ser votada a MP <a href=\"https:\/\/www.camara.leg.br\/noticias\/677161-GOVERNO-EDITA-MEDIDA-PROVISORIA-COM-NOVA-LINHA-DE-CREDITO-PARA-PEQUENAS-E-MEDIAS-EMPRESAS\">992\/20<\/a>, que cria um incentivo cont\u00e1bil para estimular bancos a emprestarem dinheiro de capital de giro a micro, pequenas e m\u00e9dias empresas em raz\u00e3o da pandemia de Covid-19.<\/p>\n<p style=\"text-align: justify;\">Nas \u00faltimas semanas, as vota\u00e7\u00f5es de propostas legislativas t\u00eam sido adiadas em raz\u00e3o da <span id=\"4067\" class=\"termoGlossario\" title=\"\" contenteditable=\"false\" data-toggle=\"tooltip\" data-placement=\"top\" data-original-title=\"Recurso utilizado por parlamentares em determinadas ocasi\u00f5es para impedir o prosseguimento dos trabalhos e ganhar tempo. Em geral, os mecanismos utilizados s\u00e3o pronunciamentos, pedidos de adiamento da discuss\u00e3o e da vota\u00e7\u00e3o, formula\u00e7\u00e3o de quest\u00f5es de ordem, sa\u00edda do plen\u00e1rio para evitar qu\u00f3rum ou a simples manifesta\u00e7\u00e3o de obstru\u00e7\u00e3o, pelo l\u00edder, o que faz com que a presen\u00e7a dos seus liderados deixe de ser computada para efeito de qu\u00f3rum.\">obstru\u00e7\u00e3o<\/span> anunciada por partidos de oposi\u00e7\u00e3o e tamb\u00e9m da base de apoio ao governo.<\/p>\n<p style=\"text-align: justify;\">Deputados do PT, do PDT, do PSB, do PCdoB, do Psol e da Rede querem a an\u00e1lise da Medida Provis\u00f3ria <a href=\"https:\/\/www.camara.leg.br\/noticias\/689876-governo-edita-medida-provisoria-com-auxilio-emergencial-de-r-300-ate-dezembro\">1000\/20<\/a> com o objetivo de aumentar o valor das \u00faltimas parcelas do aux\u00edlio emergencial de R$ 300 para R$ 600.<\/p>\n<p style=\"text-align: justify;\">J\u00e1 outros partidos (Avante, PL, PP e PSD) entraram em obstru\u00e7\u00e3o por causa de disputas na instala\u00e7\u00e3o da <span id=\"4053\" class=\"termoGlossario\" title=\"\" contenteditable=\"false\" data-toggle=\"tooltip\" data-placement=\"top\" data-original-title=\"Comiss\u00e3o de deputados e senadores respons\u00e1vel pela an\u00e1lise das propostas or\u00e7ament\u00e1rias elaboradas pelo Executivo: Lei de Diretrizes Or\u00e7ament\u00e1rias (LDO), Lei Or\u00e7ament\u00e1ria Anual (LOA) e Plano Plurianual (PPA).\">Comiss\u00e3o Mista de Or\u00e7amento<\/span> e da sucess\u00e3o da Presid\u00eancia da C\u00e2mara, que ocorrer\u00e1 em fevereiro do ano que vem.<\/p>\n<ul style=\"text-align: justify;\">\n<li><a href=\"https:\/\/www.camara.leg.br\/noticias\/703097-RODRIGO-MAIA-PEDE-A-PARTIDOS-QUE-ACABEM-COM-OBSTRUCAO-DAS-VOTACOES\">Rodrigo Maia pede a partidos que acabem com obstru\u00e7\u00e3o das vota\u00e7\u00f5es<\/a><\/li>\n<\/ul>\n<p style=\"text-align: justify;\">Se conseguirem vencer a obstru\u00e7\u00e3o, os deputados tamb\u00e9m poder\u00e3o votar a MP <a href=\"https:\/\/www.camara.leg.br\/noticias\/676787-MEDIDA-PROVISORIA-DESTINA-R$-160-MILHOES-A-INSTITUICOES-PARA-IDOSOS-DURANTE-A-PANDEMIA\">991\/20<\/a>, que destina R$ 160 milh\u00f5es a institui\u00e7\u00f5es para idosos durante a pandemia; a MP <a href=\"https:\/\/www.camara.leg.br\/noticias\/679996-MEDIDA-PROVISORIA-PRORROGA-VIGENCIA-DE-CONTRATOS-DE-PESSOAL-NO-INCRA-ATE-2023\">993\/20<\/a>, sobre a renova\u00e7\u00e3o de contratos de pessoal do Instituto Nacional de Coloniza\u00e7\u00e3o e Reforma Agr\u00e1ria (Incra); e o projeto que incentiva a navega\u00e7\u00e3o (PL <a href=\"https:\/\/www.camara.leg.br\/noticias\/684558-CAMARA-ANALISA-PROJETO-DO-GOVERNO-QUE-CRIA-A-BR-DO-MAR\">4199\/20<\/a>).<\/p>\n<p style=\"text-align: justify;\">Outros itens da pauta s\u00e3o requerimentos de <span id=\"4227\" class=\"termoGlossario\" title=\"\" contenteditable=\"false\" data-toggle=\"tooltip\" data-placement=\"top\" data-original-title=\"Regime de tramita\u00e7\u00e3o que dispensa exig\u00eancias, interst\u00edcios e formalidades regimentais (salvo a publica\u00e7\u00e3o, o qu\u00f3rum e os pareceres) para que uma proposi\u00e7\u00e3o seja apreciada pela C\u00e2mara de forma mais c\u00e9lere. Pode-se dizer que as proposi\u00e7\u00f5es s\u00e3o urgentes em raz\u00e3o da natureza da mat\u00e9ria; em raz\u00e3o de serem de iniciativa do Poder Executivo, com solicita\u00e7\u00e3o de urg\u00eancia do presidente da Rep\u00fablica; ou em virtude de terem sido reconhecidas, por delibera\u00e7\u00e3o do Plen\u00e1rio, com esse car\u00e1ter. Alguns projetos j\u00e1 tramitam automaticamente em regime de urg\u00eancia, como os que tratam de acordos internacionais.\">urg\u00eancia<\/span> para an\u00e1lise do novo marco legal do mercado de c\u00e2mbio (PL <a href=\"https:\/\/www.camara.leg.br\/noticias\/596097-PROPOSTA-INSTITUI-NOVO-MARCO-LEGAL-PARA-O-MERCADO-DE-CAMBIO\">5387\/19<\/a>) e de dois acordos sobre servi\u00e7os a\u00e9reos assinados em 2019 entre Brasil e Holanda (MSC 36\/20 e MSC 77\/20).<\/p>\n<ul style=\"text-align: justify;\">\n<li><a href=\"https:\/\/www.camara.leg.br\/internet\/agencia\/infograficos-html5\/SessoesVirtuaisCamara\/index.html\" target=\"_blank\" rel=\"noopener noreferrer\">Saiba como funcionam as sess\u00f5es virtuais<\/a><\/li>\n<\/ul>\n<p style=\"text-align: justify;\"><strong>Cr\u00e9dito a empresas<\/strong><br \/>\nA Medida Provis\u00f3ria 992\/20 cria um incentivo que pretende favorecer os empr\u00e9stimos de bancos a empresas cuja receita bruta tenha sido de at\u00e9 R$ 300 milh\u00f5es em 2019. Esse incentivo aos bancos ser\u00e1 na forma de um <span id=\"4105\" class=\"termoGlossario\" title=\"\" contenteditable=\"false\" data-toggle=\"tooltip\" data-placement=\"top\" data-original-title=\"\u00c9 um benef\u00edcio fiscal que a legisla\u00e7\u00e3o concede a setores da economia. Por meio dele, a empresa recebe um desconto sobre os impostos que deve pagar. A forma de calcular a redu\u00e7\u00e3o varia conforme o produto ou servi\u00e7o. O mais comum \u00e9 que seja um percentual da al\u00edquota do imposto. O cr\u00e9dito presumido s\u00f3 \u00e9 concedido em opera\u00e7\u00f5es que envolvam os chamados tributos n\u00e3o cumulativos: ICMS (estadual), e IPI, PIS e Cofins (federais).\">cr\u00e9dito presumido<\/span> a ser apurado de 2021 a 2025 em igual valor ao total emprestado \u00e0s empresas. Entretanto, os empr\u00e9stimos dever\u00e3o ser contratados at\u00e9 31 de dezembro de 2020.<\/p>\n<p style=\"text-align: justify;\">O regulamento do Conselho Monet\u00e1rio Nacional (CMN) fixa o prazo m\u00ednimo de pagamento em 36 meses, car\u00eancia de 6 meses para come\u00e7ar a pagar as presta\u00e7\u00f5es e determina que 80% dos recursos sejam destinados a empresas menores, com receita bruta anual de at\u00e9 R$ 100 milh\u00f5es.<\/p>\n<ul style=\"text-align: justify;\">\n<li><a href=\"https:\/\/www.camara.leg.br\/noticias\/573452-saiba-mais-sobre-a-tramitacao-de-mps\/\">Saiba mais sobre a tramita\u00e7\u00e3o de medidas provis\u00f3rias<\/a><\/li>\n<\/ul>\n<p style=\"text-align: justify;\">De acordo com o parecer preliminar do deputado Glaustin da Fokus (PSC-GO), os empr\u00e9stimos poder\u00e3o ser feitos tamb\u00e9m para microempreendedores individuais (MEI), produtores rurais, profissionais liberais, empresas individuais de responsabilidade limitada (Ltda), sociedades empres\u00e1rias e sociedades simples, inclu\u00eddas as sociedades cooperativas, exceto as de cr\u00e9dito.<\/p>\n<p style=\"text-align: justify;\"><strong>Idosos<\/strong><br \/>\nTamb\u00e9m na pauta, a Medida Provis\u00f3ria 991\/20 destina <span id=\"4532\" class=\"termoGlossario\" title=\"\" contenteditable=\"false\" data-toggle=\"tooltip\" data-placement=\"top\" data-original-title=\"Cr\u00e9dito or\u00e7ament\u00e1rio destinado a atender despesas urgentes e imprevis\u00edveis, como as decorrentes de calamidade p\u00fablica. \u00c9 encaminhado ao Congresso Nacional pelo presidente da Rep\u00fablica por meio de medida provis\u00f3ria\">cr\u00e9dito extraordin\u00e1rio<\/span> de R$ 160 milh\u00f5es para ajuda \u00e0s institui\u00e7\u00f5es de longa perman\u00eancia para idosos em decorr\u00eancia da pandemia. Essa MP perde a vig\u00eancia em 11 de novembro, mas o dinheiro todo j\u00e1 foi empenhado, ou seja, o repasse est\u00e1 garantido.<\/p>\n<p style=\"text-align: justify;\">O Minist\u00e9rio da Mulher, da Fam\u00edlia e dos Direitos Humanos <a href=\"https:\/\/www.gov.br\/mdh\/pt-br\/navegue-por-temas\/pessoa-idosa\/Listagem_Final_ILPI_HABILITADAS.pdf\" target=\"_blank\" rel=\"noopener noreferrer\">selecionou as institui\u00e7\u00f5es<\/a> que receber\u00e3o essa ajuda emergencial, a ser usada preferencialmente na preven\u00e7\u00e3o e no controle da Covid-19; na compra de insumos, equipamentos e medicamentos; e na adequa\u00e7\u00e3o de espa\u00e7os f\u00edsicos.<\/p>\n<p style=\"text-align: justify;\"><strong>Funcion\u00e1rios do Incra<\/strong><br \/>\nOutra MP pautada \u00e9 a <a href=\"https:\/\/www.camara.leg.br\/noticias\/679996-MEDIDA-PROVISORIA-PRORROGA-VIGENCIA-DE-CONTRATOS-DE-PESSOAL-NO-INCRA-ATE-2023\">993\/20<\/a>, que autoriza o Incra a prorrogar, at\u00e9 28 de julho de 2023, 27 contratos de pessoal por tempo determinado para atender as necessidades do \u00f3rg\u00e3o.<\/p>\n<p style=\"text-align: justify;\">A extens\u00e3o de prazo \u00e9 aplic\u00e1vel aos contratos firmados a partir de 2 de julho de 2014.<\/p>\n<p style=\"text-align: justify;\"><strong>Est\u00edmulo \u00e0 navega\u00e7\u00e3o<\/strong><br \/>\nTamb\u00e9m continua na pauta o Projeto de Lei <a href=\"https:\/\/www.camara.leg.br\/noticias\/684558-CAMARA-ANALISA-PROJETO-DO-GOVERNO-QUE-CRIA-A-BR-DO-MAR\">4199\/20<\/a>, do Poder Executivo, que libera progressivamente o uso de navios estrangeiros na navega\u00e7\u00e3o de cabotagem (entre portos nacionais) sem a obriga\u00e7\u00e3o de contratar a constru\u00e7\u00e3o de embarca\u00e7\u00f5es em estaleiros brasileiros. A proposta tem <span id=\"4075\" class=\"termoGlossario\" title=\"\" contenteditable=\"false\" data-toggle=\"tooltip\" data-placement=\"top\" data-original-title=\"A Constitui\u00e7\u00e3o permite ao presidente da Rep\u00fablica pedir que projetos de sua autoria tramitem com esse tipo de urg\u00eancia. Ap\u00f3s 45 dias do pedido, o projeto tranca a pauta da C\u00e2mara, mas ainda podem ser votadas medidas provis\u00f3rias, projetos de decreto legislativo e propostas de emenda \u00e0 Constitui\u00e7\u00e3o.\">urg\u00eancia constitucional<\/span>.<\/p>\n<p style=\"text-align: justify;\">O projeto facilita o afretamento de navios estrangeiros, situa\u00e7\u00e3o permitida atualmente apenas durante o per\u00edodo de constru\u00e7\u00e3o de navio encomendado a estaleiro nacional.<\/p>\n<p style=\"text-align: justify;\"><img decoding=\"async\" src=\"https:\/\/www.camara.leg.br\/internet\/agencia\/infograficos-html5\/navegacao-de-cabotagem\/images\/desktop.jpg\" \/><\/p>\n<p style=\"text-align: justify;\">Ainda de acordo com o projeto, a partir de 2021 as empresas poder\u00e3o afretar duas embarca\u00e7\u00f5es a casco nu, ou seja, alugar navio vazio para uso. Em 2022, poder\u00e3o ser tr\u00eas navios e, a partir de 2023, a quantidade ser\u00e1 livre, observadas condi\u00e7\u00f5es de seguran\u00e7a definidas em regulamento.<\/p>\n<p style=\"text-align: justify;\">Essas embarca\u00e7\u00f5es dever\u00e3o navegar com suspens\u00e3o da bandeira de origem. A bandeira do pa\u00eds vincula diversas obriga\u00e7\u00f5es legais, desde comerciais, fiscais e tribut\u00e1rias at\u00e9 as trabalhistas e ambientais.<\/p>\n<ul style=\"text-align: justify;\">\n<li><a href=\"https:\/\/www.camara.leg.br\/noticias\/573454-SAIBA-MAIS-SOBRE-A-TRAMITACAO-DE-PROJETOS-DE-LEI\" target=\"_blank\" rel=\"noopener noreferrer\">Saiba mais sobre a tramita\u00e7\u00e3o de projetos de lei<\/a><\/li>\n<\/ul>\n<p style=\"text-align: justify;\"><strong>C\u00e2mbio<\/strong><br \/>\nOs deputados podem votar ainda um pedido de urg\u00eancia para o Projeto de Lei 5387\/19, do Poder Executivo, que institui um novo marco legal para o mercado de c\u00e2mbio no Brasil, abrindo caminho para que os brasileiros possam ter conta em moeda estrangeira futuramente.<\/p>\n<p style=\"text-align: justify;\">A proposta prev\u00ea que outras institui\u00e7\u00f5es financeiras venham a operar no setor. Hoje, h\u00e1 segmentos que podem utilizar moeda estrangeira, como as empresas que emitem cart\u00e3o de cr\u00e9dito internacional.<\/p>\n<ul style=\"text-align: justify;\">\n<li><a href=\"https:\/\/www.camara.leg.br\/evento-legislativo\/60053\">Confira a \u00edntegra da pauta do Plen\u00e1rio<\/a><\/li>\n<\/ul>\n<p style=\"text-align: justify;\">Al\u00e9m da sess\u00e3o do Plen\u00e1rio da C\u00e2mara hoje, foi <a href=\"https:\/\/www.camara.leg.br\/noticias\/701938-CONGRESSO-NACIONAL-TERA-SESSAO-EM-4-DE-NOVEMBRO\" target=\"_blank\" rel=\"noopener noreferrer\">marcada sess\u00e3o conjunta do Congresso Nacional para quarta-feira (4)<\/a>. A pauta do Congresso ainda n\u00e3o foi divulgada.<\/p>\n<p style=\"text-align: justify;\">Da Reda\u00e7\u00e3o<br \/>\nEdi\u00e7\u00e3o \u2013 Pierre Triboli<\/p>\n<p style=\"text-align: justify;\">Fonte: <a href=\"https:\/\/www.camara.leg.br\/noticias\/703968-camara-realiza-sessao-de-votacoes-hoje\/\" target=\"_blank\" rel=\"noopener noreferrer\">Ag\u00eancia C\u00e2mara de Not\u00edcias<\/a><\/p>\n","protected":false},"excerpt":{"rendered":"<p>Entre os itens em pauta est\u00e3o a MP que facilita empr\u00e9stimos para empresas e o projeto de incentivo \u00e0 navega\u00e7\u00e3o. Nas \u00faltimas semanas, obstru\u00e7\u00e3o da oposi\u00e7\u00e3o e da base do governo tem adiado as vota\u00e7\u00f5es A C\u00e2mara dos Deputados realiza sess\u00e3o de vota\u00e7\u00f5es hoje, a partir das 13h55, com diversos itens em pauta. Entre as<a class=\"moretag\" href=\"http:\/\/sindiquimicabr.com.br\/index.php\/2020\/11\/03\/camara-realiza-sessao-de-votacoes-hoje\/\"> [&#8230;]<\/a><\/p>\n","protected":false},"author":2,"featured_media":6627,"comment_status":"closed","ping_status":"closed","sticky":false,"template":"","format":"standard","meta":[],"categories":[10],"tags":[],"_links":{"self":[{"href":"http:\/\/sindiquimicabr.com.br\/index.php\/wp-json\/wp\/v2\/posts\/6626"}],"collection":[{"href":"http:\/\/sindiquimicabr.com.br\/index.php\/wp-json\/wp\/v2\/posts"}],"about":[{"href":"http:\/\/sindiquimicabr.com.br\/index.php\/wp-json\/wp\/v2\/types\/post"}],"author":[{"embeddable":true,"href":"http:\/\/sindiquimicabr.com.br\/index.php\/wp-json\/wp\/v2\/users\/2"}],"replies":[{"embeddable":true,"href":"http:\/\/sindiquimicabr.com.br\/index.php\/wp-json\/wp\/v2\/comments?post=6626"}],"version-history":[{"count":1,"href":"http:\/\/sindiquimicabr.com.br\/index.php\/wp-json\/wp\/v2\/posts\/6626\/revisions"}],"predecessor-version":[{"id":6628,"href":"http:\/\/sindiquimicabr.com.br\/index.php\/wp-json\/wp\/v2\/posts\/6626\/revisions\/6628"}],"wp:featuredmedia":[{"embeddable":true,"href":"http:\/\/sindiquimicabr.com.br\/index.php\/wp-json\/wp\/v2\/media\/6627"}],"wp:attachment":[{"href":"http:\/\/sindiquimicabr.com.br\/index.php\/wp-json\/wp\/v2\/media?parent=6626"}],"wp:term":[{"taxonomy":"category","embeddable":true,"href":"http:\/\/sindiquimicabr.com.br\/index.php\/wp-json\/wp\/v2\/categories?post=6626"},{"taxonomy":"post_tag","embeddable":true,"href":"http:\/\/sindiquimicabr.com.br\/index.php\/wp-json\/wp\/v2\/tags?post=6626"}],"curies":[{"name":"wp","href":"https:\/\/api.w.org\/{rel}","templated":true}]}}