{"id":7432,"date":"2021-01-13T11:19:06","date_gmt":"2021-01-13T11:19:06","guid":{"rendered":"http:\/\/sindiquimicabr.com.br\/?p=7432"},"modified":"2021-01-13T11:27:34","modified_gmt":"2021-01-13T11:27:34","slug":"pais-tera-clareza-de-politica-fiscal-so-com-orcamento-definido-diz-diretor-do-bc","status":"publish","type":"post","link":"http:\/\/sindiquimicabr.com.br\/index.php\/2021\/01\/13\/pais-tera-clareza-de-politica-fiscal-so-com-orcamento-definido-diz-diretor-do-bc\/","title":{"rendered":"Pa\u00eds ter\u00e1 clareza de pol\u00edtica fiscal s\u00f3 com Or\u00e7amento definido, diz diretor do BC"},"content":{"rendered":"<h4 class=\"news-subheadline\" style=\"text-align: justify;\">Bruno Serra lembrou que, caso ocorra rompimento do teto de gastos, ser\u00e1 preciso haver uma vota\u00e7\u00e3o no Congresso, o que deixar a quest\u00e3o mais clara<\/h4>\n<p style=\"text-align: justify;\"><a href=\"http:\/\/sindiquimicabr.com.br\/wp\/wp-content\/uploads\/2021\/01\/Pais-tera-clareza-de-politica-fiscal-so-com-Orcamento-definido-diz-diretor-do-BC.jpg\"><img decoding=\"async\" loading=\"lazy\" class=\"alignleft size-full wp-image-7435\" src=\"http:\/\/sindiquimicabr.com.br\/wp\/wp-content\/uploads\/2021\/01\/Pais-tera-clareza-de-politica-fiscal-so-com-Orcamento-definido-diz-diretor-do-BC.jpg\" alt=\"\" width=\"1920\" height=\"1080\" srcset=\"http:\/\/sindiquimicabr.com.br\/wp\/wp-content\/uploads\/2021\/01\/Pais-tera-clareza-de-politica-fiscal-so-com-Orcamento-definido-diz-diretor-do-BC.jpg 1920w, http:\/\/sindiquimicabr.com.br\/wp\/wp-content\/uploads\/2021\/01\/Pais-tera-clareza-de-politica-fiscal-so-com-Orcamento-definido-diz-diretor-do-BC-300x169.jpg 300w, http:\/\/sindiquimicabr.com.br\/wp\/wp-content\/uploads\/2021\/01\/Pais-tera-clareza-de-politica-fiscal-so-com-Orcamento-definido-diz-diretor-do-BC-1024x576.jpg 1024w, http:\/\/sindiquimicabr.com.br\/wp\/wp-content\/uploads\/2021\/01\/Pais-tera-clareza-de-politica-fiscal-so-com-Orcamento-definido-diz-diretor-do-BC-768x432.jpg 768w, http:\/\/sindiquimicabr.com.br\/wp\/wp-content\/uploads\/2021\/01\/Pais-tera-clareza-de-politica-fiscal-so-com-Orcamento-definido-diz-diretor-do-BC-1536x864.jpg 1536w\" sizes=\"(max-width: 1920px) 100vw, 1920px\" \/><\/a><\/p>\n<p style=\"text-align: justify;\"><span class=\"news_capital_letter\">O<\/span> diretor de Pol\u00edtica Monet\u00e1ria do Banco Central (BC), Bruno Serra, disse nesta ter\u00e7a-feira, 12, que apenas ap\u00f3s a aprova\u00e7\u00e3o do Or\u00e7amento deste ano a autarquia ter\u00e1 uma vis\u00e3o clara sobre os rumos da pol\u00edtica fiscal, onde est\u00e1 o risco que vem sendo mais destacado nas comunica\u00e7\u00f5es de pol\u00edtica monet\u00e1ria.<\/p>\n<p style=\"text-align: justify;\">&#8220;Teremos clareza da pol\u00edtica fiscal de 2021 e espa\u00e7o do teto quando o Or\u00e7amento estiver definido&#8221;, comentou o diretor do BC em live da XP Investimentos.<\/p>\n<p style=\"text-align: justify;\">&#8220;O debate continua acontecendo, e \u00e9 totalmente pol\u00edtico. O Banco Central est\u00e1 \u00e0 parte. Naturalmente, nossa vari\u00e1vel de controle \u00e9 a taxa de juros. Quando o debate terminar, e ficar claro, vamos colocar nas contas e avaliar todo entorno fiscal, o contexto, e as melhores decis\u00f5es de pol\u00edtica monet\u00e1ria&#8221;, acrescentou Serra, dizendo que a situa\u00e7\u00e3o das contas p\u00fablicas mudou pouco desde o fim do ano passado.<\/p>\n<p style=\"text-align: justify;\"><strong>Teto de gastos<\/strong><\/p>\n<p style=\"text-align: justify;\">O diretor de Pol\u00edtica Monet\u00e1ria do Banco Central afirmou ainda que um eventual rompimento do teto de gastos no Brasil ficaria &#8220;mais claro&#8221; ao mercado neste momento, ao contr\u00e1rio da situa\u00e7\u00e3o verificada na crise fiscal anterior, entre os anos de 2011 e 2015.<\/p>\n<p style=\"text-align: justify;\">&#8220;Comparando com o que ocorreu em 2011, 2012, 2013, 2014 e 2015, que voc\u00ea foi tendo uma piora fiscal lenta e constante, sempre surpreendendo para o lado pior, e demorou um pouco a perceber a deteriora\u00e7\u00e3o, aqui, por ter o teto constitucional (&#8230;), \u00e9 um processo, que vai ficar muito mais claro. A coisa \u00e9 mais imediata&#8221;, afirmou o diretor, durante evento virtual.<\/p>\n<p style=\"text-align: justify;\">Bruno Serra lembrou que, caso ocorra rompimento do teto de gastos, ser\u00e1 preciso haver uma vota\u00e7\u00e3o no Congresso, o que deixar a quest\u00e3o mais clara. &#8220;\u00c9 mais palp\u00e1vel. Obviamente, uma janela, um par de meses, pode acontecer um debate, pode estar acontecendo, mas \u00e9 um par de meses. N\u00e3o \u00e9 um neg\u00f3cio que leve seis meses&#8221;, disse, ao tratar da percep\u00e7\u00e3o sobre o futuro da quest\u00e3o fiscal. &#8220;Um sinal importante vem da pol\u00edtica. Voc\u00ea tem um momento importante na C\u00e2mara e no Senado para eleger presidentes. Vai ser colocada a agenda, e a gente vai estar aqui como espectador, para tomar a melhor decis\u00e3o poss\u00edvel de pol\u00edtica monet\u00e1ria&#8221;, acrescentou.<\/p>\n<p style=\"text-align: justify;\">Ao mesmo tempo, o diretor afirmou que &#8220;n\u00e3o \u00e9 f\u00e1cil&#8221; precisar o quanto a quest\u00e3o fiscal influenciar\u00e1 as decis\u00f5es do Comit\u00ea de Pol\u00edtica Monet\u00e1ria (Copom). &#8220;Apesar de n\u00e3o ser uma coisa bin\u00e1ria, a gente provavelmente teria sinais de que o regime fiscal se romperia, antes de ele ser rompido de fato&#8221;, acrescentou.<\/p>\n<p style=\"text-align: justify;\"><strong>C\u00e2mbio<\/strong><\/p>\n<p style=\"text-align: justify;\">Durante o evento, Serra citou as incertezas fiscais entre as vari\u00e1veis que explicam o atual patamar do c\u00e2mbio, junto com o desmonte de <em>overhedge<\/em>, redu\u00e7\u00e3o da d\u00edvida das empresas em d\u00f3lar e menor diferencial da taxa de juros do Brasil com de pa\u00edses desenvolvidos, especialmente os Estados Unidos.<\/p>\n<p style=\"text-align: justify;\">&#8220;O Brasil se acostumou a conviver com diferencial de juros alto ou muito alto, sendo consistentemente um dos tr\u00eas mais altos do mundo&#8221;, observou, acrescentando que nenhum pa\u00eds com classifica\u00e7\u00e3o de risco BB pratica hoje taxa de juros de 2% ao ano, como o Brasil.<\/p>\n<p style=\"text-align: justify;\">Para ele, no longo prazo, o c\u00e2mbio tende a voltar a uma situa\u00e7\u00e3o de maior normalidade por quest\u00f5es estruturais.<\/p>\n<p style=\"text-align: justify;\">O diretor do BC disse ver uma tend\u00eancia tamb\u00e9m de normaliza\u00e7\u00e3o de estoques da ind\u00fastria, mesmo com uma esperada desacelera\u00e7\u00e3o do consumo e do varejo. A percep\u00e7\u00e3o, disse, \u00e9 de que a economia global n\u00e3o est\u00e1 entrando num ciclo de crescimento t\u00e3o forte, mas com os pre\u00e7os de commodities em alta, o crescimento deve vir mais naturalmente &#8211; ou seja, com menor necessidade de est\u00edmulos.<\/p>\n<p style=\"text-align: justify;\">Serra observou ainda que a forma de interven\u00e7\u00e3o dos pa\u00edses no p\u00f3s-pandemia foi diferente da atua\u00e7\u00e3o na crise de 2008, com inje\u00e7\u00e3o fiscal mais intensa.<\/p>\n<p style=\"text-align: justify;\">Bruno Serra participou nesta ter\u00e7a de evento virtual sobre &#8220;Conjuntura Econ\u00f4mica Brasileira&#8221;, organizado pela XP Investimentos.<\/p>\n<p style=\"text-align: justify;\">Fonte: <a href=\"https:\/\/www.noticiasaominuto.com.br\/economia\/1767450\/pais-tera-clareza-de-politica-fiscal-so-com-orcamento-definido-diz-diretor-do-bc\" target=\"_blank\" rel=\"noopener\">Not\u00edcias ao Minuto<\/a><\/p>\n","protected":false},"excerpt":{"rendered":"<p>Bruno Serra lembrou que, caso ocorra rompimento do teto de gastos, ser\u00e1 preciso haver uma vota\u00e7\u00e3o no Congresso, o que deixar a quest\u00e3o mais clara O diretor de Pol\u00edtica Monet\u00e1ria do Banco Central (BC), Bruno Serra, disse nesta ter\u00e7a-feira, 12, que apenas ap\u00f3s a aprova\u00e7\u00e3o do Or\u00e7amento deste ano a autarquia ter\u00e1 uma vis\u00e3o clara<a class=\"moretag\" href=\"http:\/\/sindiquimicabr.com.br\/index.php\/2021\/01\/13\/pais-tera-clareza-de-politica-fiscal-so-com-orcamento-definido-diz-diretor-do-bc\/\"> [&#8230;]<\/a><\/p>\n","protected":false},"author":2,"featured_media":7435,"comment_status":"closed","ping_status":"closed","sticky":false,"template":"","format":"standard","meta":[],"categories":[2],"tags":[],"_links":{"self":[{"href":"http:\/\/sindiquimicabr.com.br\/index.php\/wp-json\/wp\/v2\/posts\/7432"}],"collection":[{"href":"http:\/\/sindiquimicabr.com.br\/index.php\/wp-json\/wp\/v2\/posts"}],"about":[{"href":"http:\/\/sindiquimicabr.com.br\/index.php\/wp-json\/wp\/v2\/types\/post"}],"author":[{"embeddable":true,"href":"http:\/\/sindiquimicabr.com.br\/index.php\/wp-json\/wp\/v2\/users\/2"}],"replies":[{"embeddable":true,"href":"http:\/\/sindiquimicabr.com.br\/index.php\/wp-json\/wp\/v2\/comments?post=7432"}],"version-history":[{"count":2,"href":"http:\/\/sindiquimicabr.com.br\/index.php\/wp-json\/wp\/v2\/posts\/7432\/revisions"}],"predecessor-version":[{"id":7445,"href":"http:\/\/sindiquimicabr.com.br\/index.php\/wp-json\/wp\/v2\/posts\/7432\/revisions\/7445"}],"wp:featuredmedia":[{"embeddable":true,"href":"http:\/\/sindiquimicabr.com.br\/index.php\/wp-json\/wp\/v2\/media\/7435"}],"wp:attachment":[{"href":"http:\/\/sindiquimicabr.com.br\/index.php\/wp-json\/wp\/v2\/media?parent=7432"}],"wp:term":[{"taxonomy":"category","embeddable":true,"href":"http:\/\/sindiquimicabr.com.br\/index.php\/wp-json\/wp\/v2\/categories?post=7432"},{"taxonomy":"post_tag","embeddable":true,"href":"http:\/\/sindiquimicabr.com.br\/index.php\/wp-json\/wp\/v2\/tags?post=7432"}],"curies":[{"name":"wp","href":"https:\/\/api.w.org\/{rel}","templated":true}]}}