{"id":7602,"date":"2021-02-04T11:06:59","date_gmt":"2021-02-04T11:06:59","guid":{"rendered":"http:\/\/sindiquimicabr.com.br\/?p=7602"},"modified":"2021-02-04T11:21:18","modified_gmt":"2021-02-04T11:21:18","slug":"governo-decide-manter-usinas-termicas-acionadas-diante-de-reservatorios-baixos","status":"publish","type":"post","link":"http:\/\/sindiquimicabr.com.br\/index.php\/2021\/02\/04\/governo-decide-manter-usinas-termicas-acionadas-diante-de-reservatorios-baixos\/","title":{"rendered":"Governo decide manter usinas t\u00e9rmicas acionadas diante de reservat\u00f3rios baixos"},"content":{"rendered":"<h4 class=\"news-subheadline\" style=\"text-align: justify;\">A decis\u00e3o foi tomada pelo Comit\u00ea de Monitoramento do Setor El\u00e9trico (CMSE), \u00f3rg\u00e3o presidido pelo Minist\u00e9rio de Minas e Energia, em reuni\u00e3o realizada nesta quarta-feira, 3<\/h4>\n<p style=\"text-align: justify;\"><a href=\"http:\/\/sindiquimicabr.com.br\/wp\/wp-content\/uploads\/2021\/02\/Governo-decide-manter-usinas-termicas-acionadas-diante-de-reservatorios-baixos.jpg\"><img decoding=\"async\" loading=\"lazy\" class=\"alignleft size-full wp-image-7604\" src=\"http:\/\/sindiquimicabr.com.br\/wp\/wp-content\/uploads\/2021\/02\/Governo-decide-manter-usinas-termicas-acionadas-diante-de-reservatorios-baixos.jpg\" alt=\"\" width=\"1920\" height=\"1080\" srcset=\"http:\/\/sindiquimicabr.com.br\/wp\/wp-content\/uploads\/2021\/02\/Governo-decide-manter-usinas-termicas-acionadas-diante-de-reservatorios-baixos.jpg 1920w, http:\/\/sindiquimicabr.com.br\/wp\/wp-content\/uploads\/2021\/02\/Governo-decide-manter-usinas-termicas-acionadas-diante-de-reservatorios-baixos-300x169.jpg 300w, http:\/\/sindiquimicabr.com.br\/wp\/wp-content\/uploads\/2021\/02\/Governo-decide-manter-usinas-termicas-acionadas-diante-de-reservatorios-baixos-1024x576.jpg 1024w, http:\/\/sindiquimicabr.com.br\/wp\/wp-content\/uploads\/2021\/02\/Governo-decide-manter-usinas-termicas-acionadas-diante-de-reservatorios-baixos-768x432.jpg 768w, http:\/\/sindiquimicabr.com.br\/wp\/wp-content\/uploads\/2021\/02\/Governo-decide-manter-usinas-termicas-acionadas-diante-de-reservatorios-baixos-1536x864.jpg 1536w\" sizes=\"(max-width: 1920px) 100vw, 1920px\" \/><\/a><\/p>\n<p style=\"text-align: justify;\"><span class=\"news_capital_letter\">C<\/span>om a perman\u00eancia dos n\u00edveis dos reservat\u00f3rios de hidrel\u00e9tricas baixos, o governo decidiu manter as usinas termel\u00e9tricas acionadas e a importa\u00e7\u00e3o de energia el\u00e9trica. A decis\u00e3o foi tomada pelo Comit\u00ea de Monitoramento do Setor El\u00e9trico (CMSE), \u00f3rg\u00e3o presidido pelo Minist\u00e9rio de Minas e Energia, em reuni\u00e3o realizada nesta quarta-feira, 3.<\/p>\n<p style=\"text-align: justify;\">A decis\u00e3o do \u00f3rg\u00e3o deve seguir as diretrizes estabelecidas no in\u00edcio de janeiro, quando o \u00f3rg\u00e3o limitou o despacho das t\u00e9rmicas e a compra de energia de outros pa\u00edses at\u00e9 16,5 mil megawatts (MW) m\u00e9dios. Na ocasi\u00e3o, o MME explicou que a medida privilegia o uso de usinas mais baratas.<\/p>\n<p style=\"text-align: justify;\">Segundo a pasta, a decis\u00e3o visa a &#8220;menor degrada\u00e7\u00e3o dos armazenamentos dos reservat\u00f3rios&#8221;. &#8220;Diante da perman\u00eancia dos cen\u00e1rios de aflu\u00eancias cr\u00edticas, baixos armazenamentos nos reservat\u00f3rios das usinas hidrel\u00e9tricas e restri\u00e7\u00f5es relativas aos usos m\u00faltiplos da \u00e1gua, o CMSE manteve a diretriz de ado\u00e7\u00e3o das medidas excepcionais para o devido atendimento \u00e0 carga&#8221;, diz em nota.<\/p>\n<p style=\"text-align: justify;\">De acordo com a nota, a situa\u00e7\u00e3o \u00e9 mais cr\u00edtica no subsistema Sudeste\/Centro-Oeste, que finalizou o m\u00eas de janeiro com 23,2% de armazenamento &#8211; menor n\u00edvel desde 2015. A regi\u00e3o concentra as usinas hidrel\u00e9tricas mais importantes do Pa\u00eds. J\u00e1 os reservat\u00f3rios do Sul apresentaram uma expressiva recupera\u00e7\u00e3o, com armazenamento atual de 52,9%.<\/p>\n<p style=\"text-align: justify;\">As perspectivas s\u00e3o de aumento das precipita\u00e7\u00f5es em grande parte da \u00e1rea central do Pa\u00eds, &#8220;o que dever\u00e1 refletir em aumento de chuvas em importantes bacias na regi\u00e3o Sudeste.&#8221;<\/p>\n<p style=\"text-align: justify;\">O colegiado tamb\u00e9m aprovou proposta do Operador Nacional do Sistema (ONS) para aprimorar a avalia\u00e7\u00e3o da necessidade do uso de t\u00e9rmicas mais caras. No setor el\u00e9trico, isso significa quando decidem acionar usinas pelo crit\u00e9rio &#8220;fora da ordem de m\u00e9rito&#8221;. A medida, segundo o MME, vai auxiliar na decis\u00e3o da necessidade ou perman\u00eancia do uso dessas usinas para garantir o fornecimento de energia.<\/p>\n<p style=\"text-align: justify;\">Fonte: <a href=\"https:\/\/www.noticiasaominuto.com.br\/economia\/1774435\/governo-decide-manter-usinas-termicas-acionadas-diante-de-reservatorios-baixos\" target=\"_blank\" rel=\"noopener\">Not\u00edcias ao Minuto<\/a><\/p>\n","protected":false},"excerpt":{"rendered":"<p>A decis\u00e3o foi tomada pelo Comit\u00ea de Monitoramento do Setor El\u00e9trico (CMSE), \u00f3rg\u00e3o presidido pelo Minist\u00e9rio de Minas e Energia, em reuni\u00e3o realizada nesta quarta-feira, 3 Com a perman\u00eancia dos n\u00edveis dos reservat\u00f3rios de hidrel\u00e9tricas baixos, o governo decidiu manter as usinas termel\u00e9tricas acionadas e a importa\u00e7\u00e3o de energia el\u00e9trica. A decis\u00e3o foi tomada pelo<a class=\"moretag\" href=\"http:\/\/sindiquimicabr.com.br\/index.php\/2021\/02\/04\/governo-decide-manter-usinas-termicas-acionadas-diante-de-reservatorios-baixos\/\"> [&#8230;]<\/a><\/p>\n","protected":false},"author":2,"featured_media":7604,"comment_status":"closed","ping_status":"closed","sticky":false,"template":"","format":"standard","meta":[],"categories":[10],"tags":[],"_links":{"self":[{"href":"http:\/\/sindiquimicabr.com.br\/index.php\/wp-json\/wp\/v2\/posts\/7602"}],"collection":[{"href":"http:\/\/sindiquimicabr.com.br\/index.php\/wp-json\/wp\/v2\/posts"}],"about":[{"href":"http:\/\/sindiquimicabr.com.br\/index.php\/wp-json\/wp\/v2\/types\/post"}],"author":[{"embeddable":true,"href":"http:\/\/sindiquimicabr.com.br\/index.php\/wp-json\/wp\/v2\/users\/2"}],"replies":[{"embeddable":true,"href":"http:\/\/sindiquimicabr.com.br\/index.php\/wp-json\/wp\/v2\/comments?post=7602"}],"version-history":[{"count":1,"href":"http:\/\/sindiquimicabr.com.br\/index.php\/wp-json\/wp\/v2\/posts\/7602\/revisions"}],"predecessor-version":[{"id":7606,"href":"http:\/\/sindiquimicabr.com.br\/index.php\/wp-json\/wp\/v2\/posts\/7602\/revisions\/7606"}],"wp:featuredmedia":[{"embeddable":true,"href":"http:\/\/sindiquimicabr.com.br\/index.php\/wp-json\/wp\/v2\/media\/7604"}],"wp:attachment":[{"href":"http:\/\/sindiquimicabr.com.br\/index.php\/wp-json\/wp\/v2\/media?parent=7602"}],"wp:term":[{"taxonomy":"category","embeddable":true,"href":"http:\/\/sindiquimicabr.com.br\/index.php\/wp-json\/wp\/v2\/categories?post=7602"},{"taxonomy":"post_tag","embeddable":true,"href":"http:\/\/sindiquimicabr.com.br\/index.php\/wp-json\/wp\/v2\/tags?post=7602"}],"curies":[{"name":"wp","href":"https:\/\/api.w.org\/{rel}","templated":true}]}}