{"id":7616,"date":"2021-02-04T11:21:00","date_gmt":"2021-02-04T11:21:00","guid":{"rendered":"http:\/\/sindiquimicabr.com.br\/?p=7616"},"modified":"2021-02-04T11:21:46","modified_gmt":"2021-02-04T11:21:46","slug":"governo-vai-discutir-reducao-de-salarios-e-da-jornada-com-empresarios","status":"publish","type":"post","link":"http:\/\/sindiquimicabr.com.br\/index.php\/2021\/02\/04\/governo-vai-discutir-reducao-de-salarios-e-da-jornada-com-empresarios\/","title":{"rendered":"Governo vai discutir redu\u00e7\u00e3o de sal\u00e1rios e da jornada com empres\u00e1rios"},"content":{"rendered":"<h4 style=\"text-align: justify;\">Minist\u00e9rio da Economia prepara reuni\u00e3o com empres\u00e1rios para tratar de redu\u00e7\u00e3o de sal\u00e1rios e de jornada de trabalho. CNC refor\u00e7a press\u00e3o<\/h4>\n<p style=\"text-align: justify;\"><a href=\"http:\/\/sindiquimicabr.com.br\/wp\/wp-content\/uploads\/2021\/02\/governo-vai-discutir.jpg\"><img decoding=\"async\" loading=\"lazy\" class=\"size-full wp-image-7619 alignnone\" src=\"http:\/\/sindiquimicabr.com.br\/wp\/wp-content\/uploads\/2021\/02\/governo-vai-discutir.jpg\" alt=\"\" width=\"679\" height=\"451\" srcset=\"http:\/\/sindiquimicabr.com.br\/wp\/wp-content\/uploads\/2021\/02\/governo-vai-discutir.jpg 679w, http:\/\/sindiquimicabr.com.br\/wp\/wp-content\/uploads\/2021\/02\/governo-vai-discutir-300x199.jpg 300w, http:\/\/sindiquimicabr.com.br\/wp\/wp-content\/uploads\/2021\/02\/governo-vai-discutir-272x182.jpg 272w\" sizes=\"(max-width: 679px) 100vw, 679px\" \/><\/a><\/p>\n<p class=\"texto\" style=\"text-align: justify;\">O Minist\u00e9rio da Economia j\u00e1 entrou em contato com empres\u00e1rios para agendar a reuni\u00e3o em que devem ser apresentadas alternativas ao fim dos acordos de redu\u00e7\u00e3o salarial e suspens\u00e3o do contrato de trabalho. O encontro vai ocorrer na pr\u00f3xima semana. No \u00faltimo dia 27, o presidente Jair Bolsonaro estabeleceu um prazo de 15 dias para que o assunto fosse resolvido. A press\u00e3o pela renova\u00e7\u00e3o dos acordos s\u00f3 aumenta. Ontem, a Confedera\u00e7\u00e3o Nacional do Com\u00e9rcio (CNC) engrossou o apelo pela volta do Benef\u00edcio Emergencial de Manuten\u00e7\u00e3o do Emprego e da Renda (BEm).<\/p>\n<p class=\"texto\" style=\"text-align: justify;\">A renova\u00e7\u00e3o dos acordos para redu\u00e7\u00e3o salarial e suspens\u00e3o do contrato de trabalhadores brasileiros tem sido solicitada desde o fim do ano por empres\u00e1rios do setor de servi\u00e7os, que ainda est\u00e3o operando com capacidade reduzida por conta das medidas de isolamento social impostas pela pandemia de covid-19. E entrou no radar da equipe econ\u00f4mica na semana passada, depois que o presidente da Associa\u00e7\u00e3o Brasileira de Bares e Restaurantes (Abrasel), Paulo Solmucci, disse ao presidente Jair Bolsonaro que o fim dos acordos poderia custar novas demiss\u00f5es no pa\u00eds. Bolsonaro pediu, ent\u00e3o, que a equipe de Paulo Guedes apresentasse uma solu\u00e7\u00e3o para o assunto em 15 dias.<\/p>\n<p class=\"texto\" style=\"text-align: justify;\">Passada uma semana de estudos e c\u00e1lculos sobre o assunto, assessores de Guedes come\u00e7aram, ent\u00e3o, a contactar empres\u00e1rios para agendar uma reuni\u00e3o sobre o assunto. Paralelamente a isso, a Confedera\u00e7\u00e3o Nacional do Com\u00e9rcio (CNC) refor\u00e7ou o apelo pela volta dos acordos. Em nota p\u00fablica, a CNC diz que apresentou essa e outras propostas trabalhistas para o governo, j\u00e1 que \u201ca dissemina\u00e7\u00e3o da covid-19 continua trazendo dificuldades e consequ\u00eancias negativas para as rela\u00e7\u00f5es do trabalho e para a sustentabilidade das empresas e dos empregos\u201d.<\/p>\n<h3 style=\"text-align: justify;\">Or\u00e7amento<\/h3>\n<p class=\"texto\" style=\"text-align: justify;\">Como mostrou o <strong>Correio<\/strong>, no entanto, a renova\u00e7\u00e3o dos acordos depende da discuss\u00e3o do Or\u00e7amento no Congresso. Afinal, no ano passado, o governo pagou um benef\u00edcio de complementa\u00e7\u00e3o salarial aos trabalhadores que tiveram o sal\u00e1rio reduzido. Neste ano, contudo, n\u00e3o h\u00e1 recursos livres para o programa, o que vai exigir uma realoca\u00e7\u00e3o or\u00e7ament\u00e1ria.<\/p>\n<p class=\"texto\" style=\"text-align: justify;\">Por conta disso, as propostas da CNC tamb\u00e9m incluem outras medidas que podem ajudar as empresas sem gerar custos para o governo. Entre elas, est\u00e1 a volta de algumas das medidas que foram poss\u00edveis no ano passado por conta da Medida Provis\u00f3ria (MP) 927, como a antecipa\u00e7\u00e3o de f\u00e9rias, a concess\u00e3o de f\u00e9rias coletivas e a suspens\u00e3o do contrato de trabalho, com alguma contrapartida da empresa, dos profissionais que s\u00e3o do grupo de risco \u00e0 covid-19.<\/p>\n<p class=\"texto\" style=\"text-align: justify;\">As propostas contam com apoio de outras entidades setoriais e foram apresentadas ao governo por meio da bancada de empregadores do Conselho Nacional do Trabalho (CNT). Por isso, devem ser apreciadas em reuni\u00e3o do CNT, marcada tamb\u00e9m para a pr\u00f3xima semana. A expectativa de empres\u00e1rios \u00e9 de que a proposta ganhe o apoio do governo, j\u00e1 que n\u00e3o tem impacto fiscal e pode ajudar as empresas neste momento de recrudescimento da pandemia. Com medo de novas demiss\u00f5es, at\u00e9 alguns representantes da bancada de trabalhadores do CNT j\u00e1 admitem tratar do assunto, dizendo que \u00e9 melhor ter f\u00e9rias antecipadas do que ficar sem emprego.<\/p>\n<p style=\"text-align: justify;\">Fonte: <a href=\"https:\/\/www.correiobraziliense.com.br\/economia\/2021\/02\/4904571-governo-vai-discutir-reducao-de-salarios-e-da-jornada-com-empresarios.html\" target=\"_blank\" rel=\"noopener\">Correio Braziliense<\/a><\/p>\n","protected":false},"excerpt":{"rendered":"<p>Minist\u00e9rio da Economia prepara reuni\u00e3o com empres\u00e1rios para tratar de redu\u00e7\u00e3o de sal\u00e1rios e de jornada de trabalho. CNC refor\u00e7a press\u00e3o O Minist\u00e9rio da Economia j\u00e1 entrou em contato com empres\u00e1rios para agendar a reuni\u00e3o em que devem ser apresentadas alternativas ao fim dos acordos de redu\u00e7\u00e3o salarial e suspens\u00e3o do contrato de trabalho. O<a class=\"moretag\" href=\"http:\/\/sindiquimicabr.com.br\/index.php\/2021\/02\/04\/governo-vai-discutir-reducao-de-salarios-e-da-jornada-com-empresarios\/\"> [&#8230;]<\/a><\/p>\n","protected":false},"author":2,"featured_media":7620,"comment_status":"closed","ping_status":"closed","sticky":false,"template":"","format":"standard","meta":[],"categories":[9],"tags":[],"_links":{"self":[{"href":"http:\/\/sindiquimicabr.com.br\/index.php\/wp-json\/wp\/v2\/posts\/7616"}],"collection":[{"href":"http:\/\/sindiquimicabr.com.br\/index.php\/wp-json\/wp\/v2\/posts"}],"about":[{"href":"http:\/\/sindiquimicabr.com.br\/index.php\/wp-json\/wp\/v2\/types\/post"}],"author":[{"embeddable":true,"href":"http:\/\/sindiquimicabr.com.br\/index.php\/wp-json\/wp\/v2\/users\/2"}],"replies":[{"embeddable":true,"href":"http:\/\/sindiquimicabr.com.br\/index.php\/wp-json\/wp\/v2\/comments?post=7616"}],"version-history":[{"count":1,"href":"http:\/\/sindiquimicabr.com.br\/index.php\/wp-json\/wp\/v2\/posts\/7616\/revisions"}],"predecessor-version":[{"id":7621,"href":"http:\/\/sindiquimicabr.com.br\/index.php\/wp-json\/wp\/v2\/posts\/7616\/revisions\/7621"}],"wp:featuredmedia":[{"embeddable":true,"href":"http:\/\/sindiquimicabr.com.br\/index.php\/wp-json\/wp\/v2\/media\/7620"}],"wp:attachment":[{"href":"http:\/\/sindiquimicabr.com.br\/index.php\/wp-json\/wp\/v2\/media?parent=7616"}],"wp:term":[{"taxonomy":"category","embeddable":true,"href":"http:\/\/sindiquimicabr.com.br\/index.php\/wp-json\/wp\/v2\/categories?post=7616"},{"taxonomy":"post_tag","embeddable":true,"href":"http:\/\/sindiquimicabr.com.br\/index.php\/wp-json\/wp\/v2\/tags?post=7616"}],"curies":[{"name":"wp","href":"https:\/\/api.w.org\/{rel}","templated":true}]}}