{"id":853,"date":"2016-01-22T12:24:55","date_gmt":"2016-01-22T12:24:55","guid":{"rendered":"http:\/\/sindiquimicabr.com.br\/?p=853"},"modified":"2016-01-25T16:05:29","modified_gmt":"2016-01-25T16:05:29","slug":"o-valor-do-tiquete-refeicao-pode-variar-entre-funcionarios","status":"publish","type":"post","link":"http:\/\/sindiquimicabr.com.br\/index.php\/2016\/01\/22\/o-valor-do-tiquete-refeicao-pode-variar-entre-funcionarios\/","title":{"rendered":"O valor do t\u00edquete-refei\u00e7\u00e3o pode variar entre funcion\u00e1rios?"},"content":{"rendered":"<h4><strong>D\u00favida: Meu t\u00edquete-refei\u00e7\u00e3o \u00e9 metade do que outros colegas que t\u00eam a mesma fun\u00e7\u00e3o e jornada. Isso \u00e9 correto?<\/strong><\/h4>\n<h5>* Resposta de S\u00f4nia Mascaro Nascimento, s\u00f3cia do escrit\u00f3rio Mascaro Nascimento Advocacia Trabalhista e diretora do N\u00facleo Mascaro<\/h5>\n<p><a href=\"http:\/\/sindiquimicabr.com.br\/wp\/wp-content\/uploads\/2016\/01\/size_810_16_9_prato-com-arroz-feijao-ovo-batata-frita-e-carne.jpg\" rel=\"attachment wp-att-854\"><img decoding=\"async\" loading=\"lazy\" class=\"alignnone size-full wp-image-854\" src=\"http:\/\/sindiquimicabr.com.br\/wp\/wp-content\/uploads\/2016\/01\/size_810_16_9_prato-com-arroz-feijao-ovo-batata-frita-e-carne.jpg\" alt=\"size_810_16_9_prato-com-arroz-feijao-ovo-batata-frita-e-carne\" width=\"810\" height=\"455\" srcset=\"http:\/\/sindiquimicabr.com.br\/wp\/wp-content\/uploads\/2016\/01\/size_810_16_9_prato-com-arroz-feijao-ovo-batata-frita-e-carne.jpg 810w, http:\/\/sindiquimicabr.com.br\/wp\/wp-content\/uploads\/2016\/01\/size_810_16_9_prato-com-arroz-feijao-ovo-batata-frita-e-carne-300x169.jpg 300w, http:\/\/sindiquimicabr.com.br\/wp\/wp-content\/uploads\/2016\/01\/size_810_16_9_prato-com-arroz-feijao-ovo-batata-frita-e-carne-768x431.jpg 768w\" sizes=\"(max-width: 810px) 100vw, 810px\" \/><\/a><\/p>\n<p>O vale-refei\u00e7\u00e3o \u00e9 um benef\u00edcio concedido pela empresa ao colaborador em decorr\u00eancia do contrato de trabalho ou de norma coletiva, n\u00e3o sendo uma obriga\u00e7\u00e3o prevista em lei. Ele pode ser fornecido a partir da inscri\u00e7\u00e3o da empresa no Programa de Alimenta\u00e7\u00e3o do Trabalho (PAT) ou independentemente disso.<\/p>\n<p>Se a empresa fornece o vale a partir do PAT, n\u00e3o \u00e9 permitido haver nenhuma forma de tratamento diferente entre seus funcion\u00e1rios, mesmo que ocupem cargos distintos.<\/p>\n<p>Por\u00e9m, caso o fornecimento ocorra sem a participa\u00e7\u00e3o da empresa no PAT, prevalece o entendimento de que \u00e9 poss\u00edvel a diferen\u00e7a de valor entre empregados se houver justificativa que n\u00e3o constitui um ato discriminat\u00f3rio. Por exemplo: trabalhadores com cargos diferentes.<\/p>\n<p>J\u00e1 entre trabalhadores que ocupem o mesmo cargo e possuam a mesma jornada, pode haver diferen\u00e7a no valor do vale-refei\u00e7\u00e3o se eles trabalharem em estabelecimentos diferentes, nos quais o custo da refei\u00e7\u00e3o tamb\u00e9m seja diverso.<\/p>\n<p>Al\u00e9m disso, o vale refei\u00e7\u00e3o, quando fornecido fora do PAT, tem natureza salarial. Assim, se admite o recebimento de valores diferenciados entre um trabalhador e outro caso exista entre eles diferen\u00e7a de pelo menos dois anos de servi\u00e7o na empresa, ainda que tenham a mesma fun\u00e7\u00e3o e jornada.<\/p>\n<p>Fonte: <a href=\"http:\/\/exame.abril.com.br\/carreira\/noticias\/o-valor-do-tiquete-refeicao-pode-variar-entre-funcionarios\" target=\"_blank\">Exame.com<\/a><\/p>\n","protected":false},"excerpt":{"rendered":"<p>D\u00favida: Meu t\u00edquete-refei\u00e7\u00e3o \u00e9 metade do que outros colegas que t\u00eam a mesma fun\u00e7\u00e3o e jornada. Isso \u00e9 correto? * Resposta de S\u00f4nia Mascaro Nascimento, s\u00f3cia do escrit\u00f3rio Mascaro Nascimento Advocacia Trabalhista e diretora do N\u00facleo Mascaro O vale-refei\u00e7\u00e3o \u00e9 um benef\u00edcio concedido pela empresa ao colaborador em decorr\u00eancia do contrato de trabalho ou de<a class=\"moretag\" href=\"http:\/\/sindiquimicabr.com.br\/index.php\/2016\/01\/22\/o-valor-do-tiquete-refeicao-pode-variar-entre-funcionarios\/\"> [&#8230;]<\/a><\/p>\n","protected":false},"author":2,"featured_media":854,"comment_status":"closed","ping_status":"closed","sticky":false,"template":"","format":"standard","meta":[],"categories":[10],"tags":[],"_links":{"self":[{"href":"http:\/\/sindiquimicabr.com.br\/index.php\/wp-json\/wp\/v2\/posts\/853"}],"collection":[{"href":"http:\/\/sindiquimicabr.com.br\/index.php\/wp-json\/wp\/v2\/posts"}],"about":[{"href":"http:\/\/sindiquimicabr.com.br\/index.php\/wp-json\/wp\/v2\/types\/post"}],"author":[{"embeddable":true,"href":"http:\/\/sindiquimicabr.com.br\/index.php\/wp-json\/wp\/v2\/users\/2"}],"replies":[{"embeddable":true,"href":"http:\/\/sindiquimicabr.com.br\/index.php\/wp-json\/wp\/v2\/comments?post=853"}],"version-history":[{"count":3,"href":"http:\/\/sindiquimicabr.com.br\/index.php\/wp-json\/wp\/v2\/posts\/853\/revisions"}],"predecessor-version":[{"id":861,"href":"http:\/\/sindiquimicabr.com.br\/index.php\/wp-json\/wp\/v2\/posts\/853\/revisions\/861"}],"wp:featuredmedia":[{"embeddable":true,"href":"http:\/\/sindiquimicabr.com.br\/index.php\/wp-json\/wp\/v2\/media\/854"}],"wp:attachment":[{"href":"http:\/\/sindiquimicabr.com.br\/index.php\/wp-json\/wp\/v2\/media?parent=853"}],"wp:term":[{"taxonomy":"category","embeddable":true,"href":"http:\/\/sindiquimicabr.com.br\/index.php\/wp-json\/wp\/v2\/categories?post=853"},{"taxonomy":"post_tag","embeddable":true,"href":"http:\/\/sindiquimicabr.com.br\/index.php\/wp-json\/wp\/v2\/tags?post=853"}],"curies":[{"name":"wp","href":"https:\/\/api.w.org\/{rel}","templated":true}]}}