{"id":8814,"date":"2021-05-05T11:25:55","date_gmt":"2021-05-05T11:25:55","guid":{"rendered":"http:\/\/sindiquimicabr.com.br\/?p=8814"},"modified":"2021-05-05T11:28:42","modified_gmt":"2021-05-05T11:28:42","slug":"omc-discute-quebrar-patentes-de-vacinas-contra-covid-19","status":"publish","type":"post","link":"http:\/\/sindiquimicabr.com.br\/index.php\/2021\/05\/05\/omc-discute-quebrar-patentes-de-vacinas-contra-covid-19\/","title":{"rendered":"OMC discute quebrar patentes de vacinas contra covid-19"},"content":{"rendered":"<h4 class=\"news-subheadline\">A OMC planejam discutir entre as regras comerciais que protegem a propriedade intelectual por tr\u00e1s das vacinas contra a covid-19<\/h4>\n<p><a href=\"http:\/\/sindiquimicabr.com.br\/wp\/wp-content\/uploads\/2021\/05\/OMC-discute-quebrar-patentes-de-vacinas-contra-covid-19.jpg\"><img decoding=\"async\" loading=\"lazy\" class=\"alignleft size-full wp-image-8818\" src=\"http:\/\/sindiquimicabr.com.br\/wp\/wp-content\/uploads\/2021\/05\/OMC-discute-quebrar-patentes-de-vacinas-contra-covid-19.jpg\" alt=\"\" width=\"1920\" height=\"1080\" srcset=\"http:\/\/sindiquimicabr.com.br\/wp\/wp-content\/uploads\/2021\/05\/OMC-discute-quebrar-patentes-de-vacinas-contra-covid-19.jpg 1920w, http:\/\/sindiquimicabr.com.br\/wp\/wp-content\/uploads\/2021\/05\/OMC-discute-quebrar-patentes-de-vacinas-contra-covid-19-300x169.jpg 300w, http:\/\/sindiquimicabr.com.br\/wp\/wp-content\/uploads\/2021\/05\/OMC-discute-quebrar-patentes-de-vacinas-contra-covid-19-1024x576.jpg 1024w, http:\/\/sindiquimicabr.com.br\/wp\/wp-content\/uploads\/2021\/05\/OMC-discute-quebrar-patentes-de-vacinas-contra-covid-19-768x432.jpg 768w, http:\/\/sindiquimicabr.com.br\/wp\/wp-content\/uploads\/2021\/05\/OMC-discute-quebrar-patentes-de-vacinas-contra-covid-19-1536x864.jpg 1536w\" sizes=\"(max-width: 1920px) 100vw, 1920px\" \/><\/a><\/p>\n<div class=\"row news-main-text-container\">\n<div class=\"col-lg-12 col-md-12 col-sm-12 col-xs-12\">\n<div class=\"news-main-text\">\n<p style=\"text-align: justify;\"><span class=\"news_capital_letter\">E<\/span>mbaixadores da Organiza\u00e7\u00e3o Mundial do Com\u00e9rcio (OMC) planejam discutir entre esta quarta-feira, 5, e amanh\u00e3, dia 6, as regras comerciais que protegem a propriedade intelectual por tr\u00e1s das vacinas contra a covid-19, em meio \u00e0 crescente press\u00e3o para relax\u00e1-las como forma de ajudar os pa\u00edses em desenvolvimento a combater a pandemia.<\/p>\n<p style=\"text-align: justify;\">\u00c9 improv\u00e1vel, no entanto, que a reuni\u00e3o chegue a algum consenso. Os partid\u00e1rios da ideia est\u00e3o articulando a quebra, ainda que tempor\u00e1ria, das patentes dos imunizantes, de acordo com uma fonte ouvida sob a condi\u00e7\u00e3o de anonimato.<\/p>\n<p style=\"text-align: justify;\">As resist\u00eancias seguem fortes entre pa\u00edses com ind\u00fastrias farmac\u00eauticas influentes.<\/p>\n<div class=\"covid19-banner\"><\/div>\n<\/div>\n<\/div>\n<\/div>\n<p>Fonte: <a href=\"https:\/\/www.noticiasaominuto.com.br\/ultima-hora\/1801334\/omc-discute-quebrar-patentes-de-vacinas-contra-covid-19\">Noticias ao Minuto<\/a><\/p>\n","protected":false},"excerpt":{"rendered":"<p>A OMC planejam discutir entre as regras comerciais que protegem a propriedade intelectual por tr\u00e1s das vacinas contra a covid-19 Embaixadores da Organiza\u00e7\u00e3o Mundial do Com\u00e9rcio (OMC) planejam discutir entre esta quarta-feira, 5, e amanh\u00e3, dia 6, as regras comerciais que protegem a propriedade intelectual por tr\u00e1s das vacinas contra a covid-19, em meio \u00e0<a class=\"moretag\" href=\"http:\/\/sindiquimicabr.com.br\/index.php\/2021\/05\/05\/omc-discute-quebrar-patentes-de-vacinas-contra-covid-19\/\"> [&#8230;]<\/a><\/p>\n","protected":false},"author":2,"featured_media":8818,"comment_status":"closed","ping_status":"closed","sticky":false,"template":"","format":"standard","meta":[],"categories":[10],"tags":[],"_links":{"self":[{"href":"http:\/\/sindiquimicabr.com.br\/index.php\/wp-json\/wp\/v2\/posts\/8814"}],"collection":[{"href":"http:\/\/sindiquimicabr.com.br\/index.php\/wp-json\/wp\/v2\/posts"}],"about":[{"href":"http:\/\/sindiquimicabr.com.br\/index.php\/wp-json\/wp\/v2\/types\/post"}],"author":[{"embeddable":true,"href":"http:\/\/sindiquimicabr.com.br\/index.php\/wp-json\/wp\/v2\/users\/2"}],"replies":[{"embeddable":true,"href":"http:\/\/sindiquimicabr.com.br\/index.php\/wp-json\/wp\/v2\/comments?post=8814"}],"version-history":[{"count":1,"href":"http:\/\/sindiquimicabr.com.br\/index.php\/wp-json\/wp\/v2\/posts\/8814\/revisions"}],"predecessor-version":[{"id":8822,"href":"http:\/\/sindiquimicabr.com.br\/index.php\/wp-json\/wp\/v2\/posts\/8814\/revisions\/8822"}],"wp:featuredmedia":[{"embeddable":true,"href":"http:\/\/sindiquimicabr.com.br\/index.php\/wp-json\/wp\/v2\/media\/8818"}],"wp:attachment":[{"href":"http:\/\/sindiquimicabr.com.br\/index.php\/wp-json\/wp\/v2\/media?parent=8814"}],"wp:term":[{"taxonomy":"category","embeddable":true,"href":"http:\/\/sindiquimicabr.com.br\/index.php\/wp-json\/wp\/v2\/categories?post=8814"},{"taxonomy":"post_tag","embeddable":true,"href":"http:\/\/sindiquimicabr.com.br\/index.php\/wp-json\/wp\/v2\/tags?post=8814"}],"curies":[{"name":"wp","href":"https:\/\/api.w.org\/{rel}","templated":true}]}}