{"id":924,"date":"2016-02-16T12:49:31","date_gmt":"2016-02-16T12:49:31","guid":{"rendered":"http:\/\/sindiquimicabr.com.br\/?p=924"},"modified":"2016-02-18T17:05:59","modified_gmt":"2016-02-18T17:05:59","slug":"dilma-defende-cpmf-e-diz-que-vai-propor-reforma-fiscal","status":"publish","type":"post","link":"http:\/\/sindiquimicabr.com.br\/index.php\/2016\/02\/16\/dilma-defende-cpmf-e-diz-que-vai-propor-reforma-fiscal\/","title":{"rendered":"Dilma defende CPMF e diz que vai propor reforma fiscal"},"content":{"rendered":"<p>Bras\u00edlia &#8211; Na primeira reuni\u00e3o que teve em 2016 com l\u00edderes da base aliada do <a href=\"http:\/\/www.exame.com.br\/topicos\/senado\"><strong>Senado<\/strong><\/a>, a presidente <a href=\"http:\/\/www.exame.com.br\/topicos\/dilma-rousseff\"><strong>Dilma Rousseff<\/strong><\/a> fez uma defesa enf\u00e1tica da aprova\u00e7\u00e3o da <a href=\"http:\/\/www.exame.com.br\/topicos\/cpmf\"><strong>CPMF<\/strong><\/a> e afirmou que, em breve, o governo enviar\u00e1 ao Congresso uma proposta de reforma fiscal.<\/p>\n<p>Dilma disse que \u00e9 preciso manter os <a href=\"http:\/\/www.exame.com.br\/topicos\/orcamento\"><strong>cortes das despesas<\/strong><\/a> este ano, mas pediu apoios dos l\u00edderes para aprovar a volta do imposto do cheque porque n\u00e3o h\u00e1 muito espa\u00e7o para novos congelamento de verbas no or\u00e7amento.<\/p>\n<div id=\"attachment_925\" style=\"width: 820px\" class=\"wp-caption alignnone\"><a href=\"http:\/\/sindiquimicabr.com.br\/wp\/wp-content\/uploads\/2016\/02\/size_810_16_9_dilma-rousseff-durante-anuncio-da-reforma-ministerial-em-02-10-15.jpg\" rel=\"attachment wp-att-925\"><img aria-describedby=\"caption-attachment-925\" decoding=\"async\" loading=\"lazy\" class=\"wp-image-925 size-full\" src=\"http:\/\/sindiquimicabr.com.br\/wp\/wp-content\/uploads\/2016\/02\/size_810_16_9_dilma-rousseff-durante-anuncio-da-reforma-ministerial-em-02-10-15.jpg\" alt=\"Dilma Rousseff: em reuni\u00e3o com senadores, presidente pediu apoios dos l\u00edderes para aprovar a volta da CPMF \" width=\"810\" height=\"456\" srcset=\"http:\/\/sindiquimicabr.com.br\/wp\/wp-content\/uploads\/2016\/02\/size_810_16_9_dilma-rousseff-durante-anuncio-da-reforma-ministerial-em-02-10-15.jpg 810w, http:\/\/sindiquimicabr.com.br\/wp\/wp-content\/uploads\/2016\/02\/size_810_16_9_dilma-rousseff-durante-anuncio-da-reforma-ministerial-em-02-10-15-300x169.jpg 300w, http:\/\/sindiquimicabr.com.br\/wp\/wp-content\/uploads\/2016\/02\/size_810_16_9_dilma-rousseff-durante-anuncio-da-reforma-ministerial-em-02-10-15-768x432.jpg 768w\" sizes=\"(max-width: 810px) 100vw, 810px\" \/><\/a><p id=\"caption-attachment-925\" class=\"wp-caption-text\">Dilma Rousseff: em reuni\u00e3o com senadores, presidente pediu apoios dos l\u00edderes para aprovar a volta da CPMF<\/p><\/div>\n<div data-template-placeholder=\"content-placeholder\">\n<p>Conforme relatos de participantes ao Broadcast Pol\u00edtico, a petista disse que, s\u00f3 com a CPMF, ser\u00e1 poss\u00edvel fazer investimentos m\u00ednimos para retomar o crescimento do Pa\u00eds.<\/p>\n<p>Na conversa no Pal\u00e1cio do Planalto, ela chegou a sugerir a eleva\u00e7\u00e3o da al\u00edquota de 0,2%, prevista na proposta de emenda constitucional enviada pelo Executivo e que se encontra na C\u00e2mara, para 0,38% a fim de contemplar os estados e munic\u00edpios.<\/p>\n<p>Dilma pediu aos l\u00edderes da base para n\u00e3o votar logo em plen\u00e1rio o projeto do senador Jos\u00e9 Serra (PSDB-SP) que trata do limite global de endividamento da Uni\u00e3o. A proposta consta como o terceiro item da pauta do Senado desta ter\u00e7a-feira.<\/p>\n<p>Ela disse que o governo encaminhar\u00e1 uma proposta de reforma fiscal ao Legislativo que dever\u00e1 discutir essa e outras quest\u00f5es &#8211; o ministro da Fazenda, Nelson Barbosa, que tem trabalhado nessa reforma, participou da reuni\u00e3o.<\/p>\n<p>Sem ser assertiva sobre o m\u00e9rito do projeto, a presidente tamb\u00e9m se colocou favor\u00e1vel ao menos discutir outra proposta de Serra, a que desobriga a Petrobras de ser a operadora \u00fanica na explora\u00e7\u00e3o da camada do pr\u00e9-sal.<\/p>\n<p>A petista fez at\u00e9 uma avalia\u00e7\u00e3o t\u00e9cnica do processo ao exemplificar que, se houver dois blocos de opera\u00e7\u00e3o, um maior e outro menor, a estatal poderia ficar com o primeiro e uma parceira com um segundo. Ela ressalvou, entretanto, acreditar que n\u00e3o v\u00e3o faltar recursos para explora\u00e7\u00e3o dessa camada petrol\u00edfera.<\/p>\n<p class=\"subtituloMedio\">Jogos de azar<\/p>\n<p>Sem dar detalhes, Dilma elencou o projeto de legalizar os jogos de azar no Pa\u00eds, do senador Ciro Nogueira (PI), presidente do PP, como o &#8220;melhor&#8221; em discuss\u00e3o no Legislativo.<\/p>\n<p>Mas avaliou que caber\u00e1 ao Congresso debater a proposta. No momento de forte queda de arrecada\u00e7\u00e3o, o projeto de Ciro &#8211; que ser\u00e1 discutido pelo plen\u00e1rio do Senado &#8211; poderia refor\u00e7ar em pelo menos R$ 15 bilh\u00f5es os cofres do governo em impostos.<\/p>\n<p>A avalia\u00e7\u00e3o dos presentes \u00e9 que Dilma teve uma postura bem diferente de encontros anteriores. Na reuni\u00e3o, a presidente mais ouviu do que falou e ainda disse que vai procurar representantes da oposi\u00e7\u00e3o a fim de encontrar sa\u00eddas para a crise.<\/p>\n<p>Ela chegou a citar nominalmente o senador e empres\u00e1rio Tasso Jereissati (PSDB-CE). Segundo relatos, n\u00e3o se falou de impeachment e das acusa\u00e7\u00f5es que envolvem o ex-presidente Luiz In\u00e1cio Lula da Silva. &#8220;Foi uma reuni\u00e3o produtiva&#8221;, disse um presente, reservadamente.<\/p>\n<p>Para a l\u00edder do PCdoB, senadora Vanessa Grazziotin (AM), a postura da presidente foi bastante &#8220;descontra\u00edda&#8221;. &#8220;Ela estava informal, queria ouvir. N\u00f3s falamos muito mais do que ela&#8221;, afirmou. &#8220;A Dilma est\u00e1 confiante na harmonia da base&#8221;, disse o l\u00edder do PR no Senado, Wellington Fagundes (MT).<\/p>\n<p>Tamb\u00e9m participaram do encontro o ministro da Secretaria de Governo, Ricardo Berzoini, e os l\u00edderes do PMDB, Eun\u00edcio Oliveira (CE), do PTB, Douglas Cintra (PE) do PT, Humberto Costa(PE) do governo no Congresso, senador Jos\u00e9 Pimentel (PT-CE), do PDT, Acir Gurgacz (RO), do PP, Benedito de Lira (AL), e os vice-l\u00edderes do governo no Senado, Paulo Rocha (PT-PA) e H\u00e9lio Jos\u00e9 (PMB-DF).<\/p>\n<p>Fonte: <a href=\"http:\/\/exame.abril.com.br\/brasil\/noticias\/dilma-defende-cpmf-e-diz-que-reforma-fiscal-sera-enviada-em-breve-ao-congresso\" target=\"_blank\">Exame.com<\/a><\/p>\n<\/div>\n","protected":false},"excerpt":{"rendered":"<p>Bras\u00edlia &#8211; Na primeira reuni\u00e3o que teve em 2016 com l\u00edderes da base aliada do Senado, a presidente Dilma Rousseff fez uma defesa enf\u00e1tica da aprova\u00e7\u00e3o da CPMF e afirmou que, em breve, o governo enviar\u00e1 ao Congresso uma proposta de reforma fiscal. Dilma disse que \u00e9 preciso manter os cortes das despesas este ano,<a class=\"moretag\" href=\"http:\/\/sindiquimicabr.com.br\/index.php\/2016\/02\/16\/dilma-defende-cpmf-e-diz-que-vai-propor-reforma-fiscal\/\"> [&#8230;]<\/a><\/p>\n","protected":false},"author":2,"featured_media":925,"comment_status":"closed","ping_status":"closed","sticky":false,"template":"","format":"standard","meta":[],"categories":[10],"tags":[],"_links":{"self":[{"href":"http:\/\/sindiquimicabr.com.br\/index.php\/wp-json\/wp\/v2\/posts\/924"}],"collection":[{"href":"http:\/\/sindiquimicabr.com.br\/index.php\/wp-json\/wp\/v2\/posts"}],"about":[{"href":"http:\/\/sindiquimicabr.com.br\/index.php\/wp-json\/wp\/v2\/types\/post"}],"author":[{"embeddable":true,"href":"http:\/\/sindiquimicabr.com.br\/index.php\/wp-json\/wp\/v2\/users\/2"}],"replies":[{"embeddable":true,"href":"http:\/\/sindiquimicabr.com.br\/index.php\/wp-json\/wp\/v2\/comments?post=924"}],"version-history":[{"count":4,"href":"http:\/\/sindiquimicabr.com.br\/index.php\/wp-json\/wp\/v2\/posts\/924\/revisions"}],"predecessor-version":[{"id":930,"href":"http:\/\/sindiquimicabr.com.br\/index.php\/wp-json\/wp\/v2\/posts\/924\/revisions\/930"}],"wp:featuredmedia":[{"embeddable":true,"href":"http:\/\/sindiquimicabr.com.br\/index.php\/wp-json\/wp\/v2\/media\/925"}],"wp:attachment":[{"href":"http:\/\/sindiquimicabr.com.br\/index.php\/wp-json\/wp\/v2\/media?parent=924"}],"wp:term":[{"taxonomy":"category","embeddable":true,"href":"http:\/\/sindiquimicabr.com.br\/index.php\/wp-json\/wp\/v2\/categories?post=924"},{"taxonomy":"post_tag","embeddable":true,"href":"http:\/\/sindiquimicabr.com.br\/index.php\/wp-json\/wp\/v2\/tags?post=924"}],"curies":[{"name":"wp","href":"https:\/\/api.w.org\/{rel}","templated":true}]}}