{"id":98,"date":"2015-03-24T20:09:38","date_gmt":"2015-03-24T20:09:38","guid":{"rendered":"http:\/\/adsoft.zz.vc\/wp\/?p=98"},"modified":"2015-11-23T21:39:03","modified_gmt":"2015-11-23T21:39:03","slug":"grupo-bayer-fecha-divisao-de-fabrica-em-belford-roxo","status":"publish","type":"post","link":"http:\/\/sindiquimicabr.com.br\/index.php\/2015\/03\/24\/grupo-bayer-fecha-divisao-de-fabrica-em-belford-roxo\/","title":{"rendered":"Grupo Bayer fecha divis\u00e3o de fabrica em Belford Roxo"},"content":{"rendered":"<p>RIO &#8211; O grupo alem\u00e3o Bayer anunciou nesta segunda-feira o fim de sua linha de produ\u00e7\u00e3o dos produtos da MaterialScience (isocianatos, poli\u00f3l e mat\u00e9rias-primas para revestimentos), em Belford Roxo, na Baixada Fluminense. As atividades devem ser encerradas completamente em julho. Em um comunicado, a empresa afirmou que o processo de fechamento dever\u00e1 ser conclu\u00eddo em 2017. Ao todo, 320 funcion\u00e1rios ser\u00e3o atingidos.<\/p>\n<p><a href=\"http:\/\/sindiquimicabr.com.br\/wp\/wp-content\/uploads\/2015\/03\/bayer02.jpg\"><img decoding=\"async\" loading=\"lazy\" class=\"size-full wp-image-435 alignleft\" src=\"http:\/\/sindiquimicabr.com.br\/wp\/wp-content\/uploads\/2015\/03\/bayer02.jpg\" alt=\"bayer02\" width=\"620\" height=\"415\" srcset=\"http:\/\/sindiquimicabr.com.br\/wp\/wp-content\/uploads\/2015\/03\/bayer02.jpg 620w, http:\/\/sindiquimicabr.com.br\/wp\/wp-content\/uploads\/2015\/03\/bayer02-300x201.jpg 300w\" sizes=\"(max-width: 620px) 100vw, 620px\" \/><\/a>\u201cA Bayer assume responsabilidade pelos 320 colaboradores afetados. A companhia est\u00e1 em busca da antecipa\u00e7\u00e3o de aposentadorias e trabalha em oportunidades de transfer\u00eancia para o maior n\u00famero poss\u00edvel de colaboradores da MaterialScience em outras divis\u00f5es da Bayer, como CropScience e HealthCare, ambas localizadas em Belford Roxo. Para os demais colaboradores da MaterialScience, a Bayer est\u00e1 trabalhando em conjunto com o sindicato e comiss\u00e3o dos trabalhadores em busca de uma solu\u00e7\u00e3o justa\u201d, diz o texto.<\/p>\n<p class=\" \">As atividades de produ\u00e7\u00e3o da MaterialScience dever\u00e3o ser encerradas em julho deste ano, e o processo de fechamento ser\u00e1 conclu\u00eddo em 2017. Em nota, o grupo informou que \u201cmant\u00e9m seu compromisso com Belford Roxo\u201d e continuar\u00e1 a operar as linhas de produ\u00e7\u00e3o da Bayer CropScience e Bayer HealthCare, al\u00e9m de manter os servi\u00e7os destinados \u00e0s outras companhias localizadas em seu parque industrial.<\/p>\n<p>De acordo com a Bayer, a decis\u00e3o \u201csegue uma estrat\u00e9gia global de concentrar suas unidades de produ\u00e7\u00e3o e otimiz\u00e1-las de forma mais competitiva\u201d. No futuro, os investimentos do grupo no\u00a0Brasilser\u00e3o focados nas divis\u00f5es CropScience e HealthCare. \u201cA Bayer contribui para a prosperidade da comunidade e continuar\u00e1 a investir em programas sociais\u201d, garantiu, em nota.<\/p>\n<p><strong>Parque gera mais de 2 mil empregos<\/strong><\/p>\n<p>Desde 1958 em Belford Roxo, a Bayer \u00e9 hoje uma das maiores\u00a0empresas\u00a0em opera\u00e7\u00e3o na Baixada Fluminense. Seu parque industrial gera mais de 2,3 mil empregos diretos e indiretos (900 deles somentte nas unidades da Bayer), sendo boa parte de moradores da regi\u00e3o.<\/p>\n<p>O complexo, que ocupa uma \u00e1rea de 2 milh\u00f5es de metros quadrados, foi inaugurado pelo ex-presidente Juscelino Kubitschek e representa a maior unidade do grupo na Am\u00e9rica Latina. No local, o grupo fabrica mat\u00e9rias-primas para produtos como colch\u00f5es, geladeiras, cal\u00e7ados, autom\u00f3veis, CDs, tintas e outros. Tamb\u00e9m produz algumas linhas de sa\u00fade animal e diversos defensivos agr\u00edcolas.<\/p>\n<p>Al\u00e9m das unidades de produ\u00e7\u00e3o da Bayer, o parque industrial abriga empresas como Haztec Tribel (tratamento e gerenciamento de res\u00edduos industriais); Haztec Geoplan (solu\u00e7\u00f5es para abastecimento de \u00e1gua): Air Liquide (fornecedora de gases industriais) e Mauser e Graham, fabricantes de embalagens pl\u00e1sticas.<\/p>\n<p>&nbsp;<\/p>\n<p>Fonte:\u00a0<a href=\"http:\/\/odia.ig.com.br\/odiaestado\/2015-03-04\/industria-quimica-vai-fechar-fabrica-em-belford-roxo-na-baixada-fluminense.html\" target=\"_blank\">ODia<\/a><\/p>\n","protected":false},"excerpt":{"rendered":"<p>RIO &#8211; O grupo alem\u00e3o Bayer anunciou nesta segunda-feira o fim de sua linha de produ\u00e7\u00e3o dos produtos da MaterialScience (isocianatos, poli\u00f3l e mat\u00e9rias-primas para revestimentos), em Belford Roxo, na Baixada Fluminense. As atividades devem ser encerradas completamente em julho. Em um comunicado, a empresa afirmou que o processo de fechamento dever\u00e1 ser conclu\u00eddo em<a class=\"moretag\" href=\"http:\/\/sindiquimicabr.com.br\/index.php\/2015\/03\/24\/grupo-bayer-fecha-divisao-de-fabrica-em-belford-roxo\/\"> [&#8230;]<\/a><\/p>\n","protected":false},"author":1,"featured_media":458,"comment_status":"open","ping_status":"open","sticky":false,"template":"","format":"standard","meta":[],"categories":[2],"tags":[],"_links":{"self":[{"href":"http:\/\/sindiquimicabr.com.br\/index.php\/wp-json\/wp\/v2\/posts\/98"}],"collection":[{"href":"http:\/\/sindiquimicabr.com.br\/index.php\/wp-json\/wp\/v2\/posts"}],"about":[{"href":"http:\/\/sindiquimicabr.com.br\/index.php\/wp-json\/wp\/v2\/types\/post"}],"author":[{"embeddable":true,"href":"http:\/\/sindiquimicabr.com.br\/index.php\/wp-json\/wp\/v2\/users\/1"}],"replies":[{"embeddable":true,"href":"http:\/\/sindiquimicabr.com.br\/index.php\/wp-json\/wp\/v2\/comments?post=98"}],"version-history":[{"count":3,"href":"http:\/\/sindiquimicabr.com.br\/index.php\/wp-json\/wp\/v2\/posts\/98\/revisions"}],"predecessor-version":[{"id":437,"href":"http:\/\/sindiquimicabr.com.br\/index.php\/wp-json\/wp\/v2\/posts\/98\/revisions\/437"}],"wp:featuredmedia":[{"embeddable":true,"href":"http:\/\/sindiquimicabr.com.br\/index.php\/wp-json\/wp\/v2\/media\/458"}],"wp:attachment":[{"href":"http:\/\/sindiquimicabr.com.br\/index.php\/wp-json\/wp\/v2\/media?parent=98"}],"wp:term":[{"taxonomy":"category","embeddable":true,"href":"http:\/\/sindiquimicabr.com.br\/index.php\/wp-json\/wp\/v2\/categories?post=98"},{"taxonomy":"post_tag","embeddable":true,"href":"http:\/\/sindiquimicabr.com.br\/index.php\/wp-json\/wp\/v2\/tags?post=98"}],"curies":[{"name":"wp","href":"https:\/\/api.w.org\/{rel}","templated":true}]}}